{"id":71436,"date":"2024-08-16T00:58:00","date_gmt":"2024-08-16T06:58:00","guid":{"rendered":"https:\/\/zonaroja.com.mx\/?p=71436"},"modified":"2024-08-16T07:56:39","modified_gmt":"2024-08-16T13:56:39","slug":"niega-estados-unidos-que-no-este-cooperando-con-mexico-en-caso-mayo","status":"publish","type":"post","link":"https:\/\/zonaroja.com.mx\/?p=71436","title":{"rendered":"Niega Estados Unidos que no est\u00e9 cooperando con M\u00e9xico en caso \u201cMayo\u201d"},"content":{"rendered":"\n<p>Redacci\u00f3n\/Zona Roja Cdmx.<\/p>\n\n\n\n<p>Ciudad de M\u00e9xico, a 16 de agosto de 2024.- La Embajada de Estados Unidos en M\u00e9xico neg\u00f3 este jueves que la administraci\u00f3n de Andr\u00e9s Manuel L\u00f3pez Obrador haya pedido limitar la cooperaci\u00f3n de seguridad tras el arresto de Ismael \u2018El Mayo\u2018 Zambada hace tres semanas en El Paso, Texas.<\/p>\n\n\n\n<p>\u201cHemos recibido preguntas sobre una supuesta solicitud del gobierno de M\u00e9xico para limitar o suspender ciertas actividades de aplicaci\u00f3n de la ley entre los gobiernos de Estados Unidos y M\u00e9xico. Esto es falso\u201d, se\u00f1al\u00f3 en un comunicado el embajador estadounidense en M\u00e9xico, Ken Salazar.<\/p>\n\n\n\n<p>El diplom\u00e1tico se pronunci\u00f3 as\u00ed horas despu\u00e9s de que el presidente L\u00f3pez Obrador afirmara durante su conferencia matutina que Estados Unidos solicit\u00f3 a M\u00e9xico cancelar la solicitud de extradici\u00f3n que Washington hizo de Zambada, cofundador del C\u00e1rtel de Sinaloa, y de Joaqu\u00edn Guzm\u00e1n L\u00f3pez, hijo de Joaqu\u00edn \u2018El Chapo\u2018 Guzm\u00e1n.<\/p>\n\n\n\n<p>Ante los cuestionamientos de la prensa que ha recibido la Embajada, Salazar asever\u00f3 que la cooperaci\u00f3n entre ambos gobiernos contin\u00faa.<\/p>\n\n\n\n<p>\u201cEn realidad, continuamos teniendo y esperamos mantener una profunda cooperaci\u00f3n con el Gobierno de M\u00e9xico bajo el Marco Bicentenario sobre Seguridad. Nuestros pueblos est\u00e1n m\u00e1s seguros como resultado de esta importante cooperaci\u00f3n\u201d, dijo.<\/p>\n\n\n\n<p>Y reafirm\u00f3 la cooperaci\u00f3n en materia de seguridad entre ambas naciones.<\/p>\n\n\n\n<p>\u201cDe hecho, como inform\u00e9 el viernes pasado en mi conferencia de prensa, los logros en materia de seguridad han sido hist\u00f3ricos gracias a la cooperaci\u00f3n sin precedentes\u201d, enfatiz\u00f3.<\/p>\n\n\n\n<p>La detenci\u00f3n de Ismael \u2018El Mayo\u2019 Zambada, uno de los miembros fundadores del C\u00e1rtel de Sinaloa, ha generado controversia entre el gobierno estadounidense y mexicano ante la poca informaci\u00f3n disponible.<\/p>\n\n\n\n<p>L\u00f3pez Obrador ha dudado de que no hayan participado agentes estadounidenses en territorio mexicano, como sostuvo el viernes pasado el embajador de Estados Unidos, quien asever\u00f3 que fue una \u201coperaci\u00f3n entre c\u00e1rteles\u201d, y ha pedido avances de la investigaci\u00f3n de la captura a la Fiscal\u00eda General de la Rep\u00fablica (FGR).<\/p>\n\n\n\n<p>La detenci\u00f3n de Zambada, quien no hab\u00eda pisado la c\u00e1rcel en sus m\u00e1s de 40 a\u00f1os dedicado al narcotr\u00e1fico, ha causado un terremoto pol\u00edtico en M\u00e9xico, que se agudiz\u00f3 con una carta que el capo public\u00f3 el s\u00e1bado, en la que asever\u00f3 que el d\u00eda de su arresto se reunir\u00eda con el gobernador de Sinaloa, Rub\u00e9n Rocha Moya.<\/p>\n\n\n\n<p>El gobernador, del oficialista Movimiento Regeneraci\u00f3n Nacional (Morena), ha negado los se\u00f1alamientos y ha recibido el respaldo de L\u00f3pez Obrador y la presidenta electa, Claudia Sheinbaum.<\/p>\n\n\n\n<p>(Con informaci\u00f3n de EFE, en L\u00f3pez-D\u00f3riga Digital)<\/p>\n","protected":false},"excerpt":{"rendered":"<p>Redacci\u00f3n\/Zona Roja Cdmx. Ciudad de M\u00e9xico, a 16 de agosto de 2024.- La Embajada de&hellip;<\/p>\n","protected":false},"author":2,"featured_media":65716,"comment_status":"closed","ping_status":"open","sticky":false,"template":"","format":"standard","meta":{"_lmt_disableupdate":"","_lmt_disable":"","_jetpack_memberships_contains_paid_content":false,"footnotes":""},"categories":[109,46],"tags":[3855],"class_list":["post-71436","post","type-post","status-publish","format-standard","has-post-thumbnail","hentry","category-minuto-a-minuto","category-zona-blanca","tag-ken-salazar-embajador"],"jetpack_featured_media_url":"https:\/\/zonaroja.com.mx\/wp-content\/uploads\/2024\/02\/Lopez-Obrador-y-Ken-Salazar.jpg","jetpack_sharing_enabled":true,"_links":{"self":[{"href":"https:\/\/zonaroja.com.mx\/index.php?rest_route=\/wp\/v2\/posts\/71436","targetHints":{"allow":["GET"]}}],"collection":[{"href":"https:\/\/zonaroja.com.mx\/index.php?rest_route=\/wp\/v2\/posts"}],"about":[{"href":"https:\/\/zonaroja.com.mx\/index.php?rest_route=\/wp\/v2\/types\/post"}],"author":[{"embeddable":true,"href":"https:\/\/zonaroja.com.mx\/index.php?rest_route=\/wp\/v2\/users\/2"}],"replies":[{"embeddable":true,"href":"https:\/\/zonaroja.com.mx\/index.php?rest_route=%2Fwp%2Fv2%2Fcomments&post=71436"}],"version-history":[{"count":1,"href":"https:\/\/zonaroja.com.mx\/index.php?rest_route=\/wp\/v2\/posts\/71436\/revisions"}],"predecessor-version":[{"id":71437,"href":"https:\/\/zonaroja.com.mx\/index.php?rest_route=\/wp\/v2\/posts\/71436\/revisions\/71437"}],"wp:featuredmedia":[{"embeddable":true,"href":"https:\/\/zonaroja.com.mx\/index.php?rest_route=\/wp\/v2\/media\/65716"}],"wp:attachment":[{"href":"https:\/\/zonaroja.com.mx\/index.php?rest_route=%2Fwp%2Fv2%2Fmedia&parent=71436"}],"wp:term":[{"taxonomy":"category","embeddable":true,"href":"https:\/\/zonaroja.com.mx\/index.php?rest_route=%2Fwp%2Fv2%2Fcategories&post=71436"},{"taxonomy":"post_tag","embeddable":true,"href":"https:\/\/zonaroja.com.mx\/index.php?rest_route=%2Fwp%2Fv2%2Ftags&post=71436"}],"curies":[{"name":"wp","href":"https:\/\/api.w.org\/{rel}","templated":true}]}}