{"id":71438,"date":"2024-08-16T08:05:21","date_gmt":"2024-08-16T14:05:21","guid":{"rendered":"https:\/\/zonaroja.com.mx\/?p=71438"},"modified":"2024-08-16T08:40:00","modified_gmt":"2024-08-16T14:40:00","slug":"crece-violencia-en-miahuatlan-matan-a-un-adolescente","status":"publish","type":"post","link":"https:\/\/zonaroja.com.mx\/?p=71438","title":{"rendered":"Crece violencia en Miahuatl\u00e1n: matan a un adolescente"},"content":{"rendered":"\n<p>Raymundo Morales\/Zona Roja.<\/p>\n\n\n\n<p>Oaxaca de Ju\u00e1rez, Oax.,a 16 de agosto de 2024.- Una familia atacada a balazos hoy en Miahuatl\u00e1n de Porfirio D\u00edaz dej\u00f3 como saldo una mujer lesionada y una menor fallecida, en tanto que ayer por la tarde se registr\u00f3 un ataque armado en contra de ocupantes de una unidad de motor.<\/p>\n\n\n\n<p>Luego de acudir a una festividad popular a la localidad de Los Pocitos, en el municipio de Monjas, una familia regresaba en un veh\u00edculo hacia Miahuatl\u00e1n por un camino de terracer\u00eda.<\/p>\n\n\n\n<p>Pero a la altura de la colonia Los Mezquites, sujetos armados atacaron a los ocupantes, tras lo cual se confirm\u00f3 que una ni\u00f1a de 13 a\u00f1os de edad perdi\u00f3 la vida, mientras que la madre de ella fue trasladada de emergencia a un hospital de Miahuatl\u00e1n.<\/p>\n\n\n\n<p>Hasta el momento las corporaciones de seguridad p\u00fablica no han reportado detenciones y la Fiscal\u00eda General del Estado de Oaxaca inici\u00f3 las indagatorias correspondientes.<\/p>\n\n\n\n<p>BALEADOS<\/p>\n\n\n\n<p>Tambi\u00e9n en Miahuatl\u00e1n pero en una calle de la colonia Del Valle, sujetos armados dispararon en contra de los ocupantes de una camioneta luego de lo cual huyeron.<\/p>\n\n\n\n<p>En el sitio una persona del sexo masculino habr\u00eda resultado lesionada; sin embargo, cuando los polic\u00edas llegaron a la zona, ya no hallaron a ninguna v\u00edctima; presuntamente un hombre habr\u00eda perdido la vida, lo cual no ha sido confirmado.<\/p>\n\n\n\n<p>Otro hecho violento se registr\u00f3 ayer en ese municipio de la regi\u00f3n Sierra Sur del estado, donde en el interior de una vivienda se suscit\u00f3 una ri\u00f1a, que dej\u00f3 como saldo un hombre lesionado con arma blanca, con exposici\u00f3n de v\u00edsceras.<\/p>\n","protected":false},"excerpt":{"rendered":"<p>Raymundo Morales\/Zona Roja. Oaxaca de Ju\u00e1rez, Oax.,a 16 de agosto de 2024.- Una familia atacada&hellip;<\/p>\n","protected":false},"author":2,"featured_media":71440,"comment_status":"closed","ping_status":"open","sticky":false,"template":"","format":"standard","meta":{"_lmt_disableupdate":"","_lmt_disable":"","_jetpack_memberships_contains_paid_content":false,"footnotes":""},"categories":[109,51],"tags":[169],"class_list":["post-71438","post","type-post","status-publish","format-standard","has-post-thumbnail","hentry","category-minuto-a-minuto","category-zona-roja","tag-miahuatlan-de-porfirio-diaz"],"jetpack_featured_media_url":"https:\/\/zonaroja.com.mx\/wp-content\/uploads\/2024\/08\/Baleado-Miahuatlan.jpg","jetpack_sharing_enabled":true,"_links":{"self":[{"href":"https:\/\/zonaroja.com.mx\/index.php?rest_route=\/wp\/v2\/posts\/71438","targetHints":{"allow":["GET"]}}],"collection":[{"href":"https:\/\/zonaroja.com.mx\/index.php?rest_route=\/wp\/v2\/posts"}],"about":[{"href":"https:\/\/zonaroja.com.mx\/index.php?rest_route=\/wp\/v2\/types\/post"}],"author":[{"embeddable":true,"href":"https:\/\/zonaroja.com.mx\/index.php?rest_route=\/wp\/v2\/users\/2"}],"replies":[{"embeddable":true,"href":"https:\/\/zonaroja.com.mx\/index.php?rest_route=%2Fwp%2Fv2%2Fcomments&post=71438"}],"version-history":[{"count":2,"href":"https:\/\/zonaroja.com.mx\/index.php?rest_route=\/wp\/v2\/posts\/71438\/revisions"}],"predecessor-version":[{"id":71451,"href":"https:\/\/zonaroja.com.mx\/index.php?rest_route=\/wp\/v2\/posts\/71438\/revisions\/71451"}],"wp:featuredmedia":[{"embeddable":true,"href":"https:\/\/zonaroja.com.mx\/index.php?rest_route=\/wp\/v2\/media\/71440"}],"wp:attachment":[{"href":"https:\/\/zonaroja.com.mx\/index.php?rest_route=%2Fwp%2Fv2%2Fmedia&parent=71438"}],"wp:term":[{"taxonomy":"category","embeddable":true,"href":"https:\/\/zonaroja.com.mx\/index.php?rest_route=%2Fwp%2Fv2%2Fcategories&post=71438"},{"taxonomy":"post_tag","embeddable":true,"href":"https:\/\/zonaroja.com.mx\/index.php?rest_route=%2Fwp%2Fv2%2Ftags&post=71438"}],"curies":[{"name":"wp","href":"https:\/\/api.w.org\/{rel}","templated":true}]}}