{"id":71445,"date":"2024-08-16T12:29:00","date_gmt":"2024-08-16T18:29:00","guid":{"rendered":"https:\/\/zonaroja.com.mx\/?p=71445"},"modified":"2024-08-16T08:29:57","modified_gmt":"2024-08-16T14:29:57","slug":"analizan-en-congreso-considerar-como-delito-venta-y-renta-de-espacios-publicos","status":"publish","type":"post","link":"https:\/\/zonaroja.com.mx\/?p=71445","title":{"rendered":"Analizan en Congreso considerar como delito venta y renta de espacios p\u00fablicos"},"content":{"rendered":"\n<p>Redacci\u00f3n\/Zona Roja.<\/p>\n\n\n\n<p>Oaxaca de Ju\u00e1rez, Oax., a 16 de agosto de 2024.- Diputadas y diputados de la 65 Legislatura local se reunieron con integrantes del Comit\u00e9 por la Defensa de los Derechos Colectivos Ciudadanos Oaxaque\u00f1os, para dialogar sobre la propuesta ciudadana que plantea una reforma al C\u00f3digo Penal de Oaxaca, para tipificar la venta y renta de los espacios p\u00fablicos del estado.<\/p>\n\n\n\n<p>La presidenta de la Comisi\u00f3n Permanente de Administraci\u00f3n y Procuraci\u00f3n de Justicia, Lizett Arroyo Rodr\u00edguez, inform\u00f3 a las y los ciudadanos los avances en el an\u00e1lisis de la propuesta para dictaminarla, y posteriormente ponerla a consideraci\u00f3n del Pleno para su discusi\u00f3n.<\/p>\n\n\n\n<p>\u201cSomos respetuosos de que ustedes como ciudadanos nos presentan una iniciativa, en la comisi\u00f3n estamos en el an\u00e1lisis, en el estudio, est\u00e1 avanzado el dictamen. Sin embargo, cada iniciativa se pone a consideraci\u00f3n del Pleno\u201d, explic\u00f3.<\/p>\n\n\n\n<p>Por su parte, el presidente de la Junta de Coordinaci\u00f3n Pol\u00edtica, Sergio L\u00f3pez S\u00e1nchez, refiri\u00f3 el compromiso del Congreso de Oaxaca de atender a la ciudadan\u00eda en sus iniciativas, que en el caso de la propuesta para tipificar la venta y renta de espacios p\u00fablicos, se encuentran dos proyectos, uno presentado por integrantes del Frente Ciudadano por el Rescate del Centro Hist\u00f3rico y otro por el Comit\u00e9 por la Defensa de los Derechos Colectivos Ciudadanos Oaxaque\u00f1os.<\/p>\n\n\n\n<p>\u201cEn el Congreso del Estado hay la voluntad, la disposici\u00f3n, hay un avance importante para que el Congreso de Oaxaca legisle en la materia, o les d\u00e9 una respuesta al respecto de la iniciativa ciudadana que han presentado, es un derecho que tienen como ciudadanos y nosotros lo respetamos\u201d, expres\u00f3.&nbsp;<\/p>\n\n\n\n<p>Durante la reuni\u00f3n de trabajo, las y los integrantes del Comit\u00e9 por la Defensa de los Derechos Colectivos Ciudadanos Oaxaque\u00f1os, encabezados por el presidente Armando Figueroa Colmenares, expusieron los detalles de su iniciativa presentada al Congreso local, mediante la cual solicitan que se reforme el C\u00f3digo Penal de Oaxaca, para considerar como delito el uso de los espacios p\u00fablicos con fines comerciales en el estado.<\/p>\n\n\n\n<p>Actualmente, dichas iniciativas est\u00e1n en estudio en la Comisi\u00f3n Permanente de Administraci\u00f3n y Procuraci\u00f3n de Justicia.&nbsp;<\/p>\n","protected":false},"excerpt":{"rendered":"<p>Redacci\u00f3n\/Zona Roja. Oaxaca de Ju\u00e1rez, Oax., a 16 de agosto de 2024.- Diputadas y diputados&hellip;<\/p>\n","protected":false},"author":2,"featured_media":71446,"comment_status":"closed","ping_status":"open","sticky":false,"template":"","format":"standard","meta":{"_lmt_disableupdate":"","_lmt_disable":"","_jetpack_memberships_contains_paid_content":false,"footnotes":""},"categories":[109,47],"tags":[2743],"class_list":["post-71445","post","type-post","status-publish","format-standard","has-post-thumbnail","hentry","category-minuto-a-minuto","category-zona-gris","tag-65-legislatura-del-estado-de-oaxaca"],"jetpack_featured_media_url":"https:\/\/zonaroja.com.mx\/wp-content\/uploads\/2024\/08\/Reunion-Congreso-consejo-ciudadano.jpg","jetpack_sharing_enabled":true,"_links":{"self":[{"href":"https:\/\/zonaroja.com.mx\/index.php?rest_route=\/wp\/v2\/posts\/71445","targetHints":{"allow":["GET"]}}],"collection":[{"href":"https:\/\/zonaroja.com.mx\/index.php?rest_route=\/wp\/v2\/posts"}],"about":[{"href":"https:\/\/zonaroja.com.mx\/index.php?rest_route=\/wp\/v2\/types\/post"}],"author":[{"embeddable":true,"href":"https:\/\/zonaroja.com.mx\/index.php?rest_route=\/wp\/v2\/users\/2"}],"replies":[{"embeddable":true,"href":"https:\/\/zonaroja.com.mx\/index.php?rest_route=%2Fwp%2Fv2%2Fcomments&post=71445"}],"version-history":[{"count":1,"href":"https:\/\/zonaroja.com.mx\/index.php?rest_route=\/wp\/v2\/posts\/71445\/revisions"}],"predecessor-version":[{"id":71447,"href":"https:\/\/zonaroja.com.mx\/index.php?rest_route=\/wp\/v2\/posts\/71445\/revisions\/71447"}],"wp:featuredmedia":[{"embeddable":true,"href":"https:\/\/zonaroja.com.mx\/index.php?rest_route=\/wp\/v2\/media\/71446"}],"wp:attachment":[{"href":"https:\/\/zonaroja.com.mx\/index.php?rest_route=%2Fwp%2Fv2%2Fmedia&parent=71445"}],"wp:term":[{"taxonomy":"category","embeddable":true,"href":"https:\/\/zonaroja.com.mx\/index.php?rest_route=%2Fwp%2Fv2%2Fcategories&post=71445"},{"taxonomy":"post_tag","embeddable":true,"href":"https:\/\/zonaroja.com.mx\/index.php?rest_route=%2Fwp%2Fv2%2Ftags&post=71445"}],"curies":[{"name":"wp","href":"https:\/\/api.w.org\/{rel}","templated":true}]}}