{"id":71448,"date":"2024-08-16T13:30:00","date_gmt":"2024-08-16T19:30:00","guid":{"rendered":"https:\/\/zonaroja.com.mx\/?p=71448"},"modified":"2024-08-16T15:43:35","modified_gmt":"2024-08-16T21:43:35","slug":"detienen-a-dos-presuntos-pederastas-en-la-region-de-la-costa","status":"publish","type":"post","link":"https:\/\/zonaroja.com.mx\/?p=71448","title":{"rendered":"Detienen a dos presuntos pederastas en la regi\u00f3n del Istmo"},"content":{"rendered":"\n<p>Redacci\u00f3n\/Zona Roja.&nbsp;<\/p>\n\n\n\n<p>Oaxaca de Ju\u00e1rez, Oax. 16 agosto de 2024.- Como parte de la estrategia de combate a los delitos cometidos en contra de ni\u00f1as, ni\u00f1os, adolescentes y mujeres, la Fiscal\u00eda General del Estado de Oaxaca (FGEO) ejecut\u00f3 una orden de aprehensi\u00f3n en contra dos personas -una de ellas del sexo masculino identificada como S.J.G.D., y una mujer identificada como T.D.P.R.- por el delito de Pederastia y Violencia Familiar, hechos ocurridos en la regi\u00f3n del Istmo.<\/p>\n\n\n\n<p>De acuerdo con el expediente penal del caso, la v\u00edctima (cuya identidad est\u00e1 reservada por ley) fue agredida f\u00edsicamente en diferentes ocasiones, entre enero y febrero de 2024, caus\u00e1ndole cicatrices en diversas partes del cuerpo, hechos sucedidos en Salina Cruz. <\/p>\n\n\n\n<p>Ante estos hechos, la Fiscal\u00eda de Oaxaca recibi\u00f3 la denuncia, por lo que, a trav\u00e9s de la Vicefiscal\u00eda Regional del Istmo, inici\u00f3 las indagatorias correspondientes que permitieron ejecutar la orden de aprehensi\u00f3n en contra de S.J.G.D. y T.D.P.R., quienes fueron presentados ante el Juez que conoce la causa.<\/p>\n\n\n\n<p>La Fiscal\u00eda de Oaxaca tiene entre sus ejes rectores garantizar una vida libre de violencia para ni\u00f1as, ni\u00f1os y adolescentes, a trav\u00e9s de los mecanismos de procuraci\u00f3n de justicia que est\u00e1n a cargo de \u00e1reas especializadas y bien capacitadas para este&nbsp;tipo de labores.<\/p>\n","protected":false},"excerpt":{"rendered":"<p>Redacci\u00f3n\/Zona Roja.&nbsp; Oaxaca de Ju\u00e1rez, Oax. 16 agosto de 2024.- Como parte de la estrategia&hellip;<\/p>\n","protected":false},"author":2,"featured_media":71449,"comment_status":"closed","ping_status":"open","sticky":false,"template":"","format":"standard","meta":{"_lmt_disableupdate":"","_lmt_disable":"","_jetpack_memberships_contains_paid_content":false,"footnotes":""},"categories":[109,46],"tags":[494],"class_list":["post-71448","post","type-post","status-publish","format-standard","has-post-thumbnail","hentry","category-minuto-a-minuto","category-zona-blanca","tag-fiscalia-general-del-estado-de-oaxaca"],"jetpack_featured_media_url":"https:\/\/zonaroja.com.mx\/wp-content\/uploads\/2024\/08\/Detenidos-pederastia-Istmo.jpg","jetpack_sharing_enabled":true,"_links":{"self":[{"href":"https:\/\/zonaroja.com.mx\/index.php?rest_route=\/wp\/v2\/posts\/71448","targetHints":{"allow":["GET"]}}],"collection":[{"href":"https:\/\/zonaroja.com.mx\/index.php?rest_route=\/wp\/v2\/posts"}],"about":[{"href":"https:\/\/zonaroja.com.mx\/index.php?rest_route=\/wp\/v2\/types\/post"}],"author":[{"embeddable":true,"href":"https:\/\/zonaroja.com.mx\/index.php?rest_route=\/wp\/v2\/users\/2"}],"replies":[{"embeddable":true,"href":"https:\/\/zonaroja.com.mx\/index.php?rest_route=%2Fwp%2Fv2%2Fcomments&post=71448"}],"version-history":[{"count":2,"href":"https:\/\/zonaroja.com.mx\/index.php?rest_route=\/wp\/v2\/posts\/71448\/revisions"}],"predecessor-version":[{"id":71452,"href":"https:\/\/zonaroja.com.mx\/index.php?rest_route=\/wp\/v2\/posts\/71448\/revisions\/71452"}],"wp:featuredmedia":[{"embeddable":true,"href":"https:\/\/zonaroja.com.mx\/index.php?rest_route=\/wp\/v2\/media\/71449"}],"wp:attachment":[{"href":"https:\/\/zonaroja.com.mx\/index.php?rest_route=%2Fwp%2Fv2%2Fmedia&parent=71448"}],"wp:term":[{"taxonomy":"category","embeddable":true,"href":"https:\/\/zonaroja.com.mx\/index.php?rest_route=%2Fwp%2Fv2%2Fcategories&post=71448"},{"taxonomy":"post_tag","embeddable":true,"href":"https:\/\/zonaroja.com.mx\/index.php?rest_route=%2Fwp%2Fv2%2Ftags&post=71448"}],"curies":[{"name":"wp","href":"https:\/\/api.w.org\/{rel}","templated":true}]}}