{"id":71456,"date":"2024-08-16T19:13:42","date_gmt":"2024-08-17T01:13:42","guid":{"rendered":"https:\/\/zonaroja.com.mx\/?p=71456"},"modified":"2024-08-16T19:13:44","modified_gmt":"2024-08-17T01:13:44","slug":"tension-otra-vez-en-lalana-por-intolerancia-religiosa-hay-retenidos-y-desplazados","status":"publish","type":"post","link":"https:\/\/zonaroja.com.mx\/?p=71456","title":{"rendered":"Tensi\u00f3n otra vez en Lalana por intolerancia religiosa; hay retenidos y desplazados"},"content":{"rendered":"\n<p>Ismael Garc\u00eda M.\/Zona Roja.<\/p>\n\n\n\n<p>Oaxaca de Ju\u00e1rez, Oax., a 16 de agosto de 2024.- La tensi\u00f3n a causa de la intolerancia religiosa se increment\u00f3 este viernes en la regi\u00f3n de la Cuenca del Papaloapan.<\/p>\n\n\n\n<p>En la comunidad de Carro Caj\u00f3n, San Isidro El Arenal, del municipio de San Juan Lalana, fueron retenidas varias personas que profesan la religi\u00f3n evang\u00e9lica, a quienes intentaron linchar y quemar, por no cooperar con los cargos en la iglesia cat\u00f3lica.<\/p>\n\n\n\n<p>En tanto, otro grupo de pobladores, decidi\u00f3 huir hacia Playa Vicente, Veracruz, donde se encuentran como desplazados, ante la violencia que se ha desatado en contra de los cristianos evang\u00e9licos.<\/p>\n\n\n\n<p>Este viernes se pact\u00f3 una reuni\u00f3n en el municipio de Mat\u00edas Romero entre autoridades estatales y federales con los evang\u00e9licos y autoridades auxiliares de Lalalana, con la intenci\u00f3n de conciliar.<\/p>\n\n\n\n<p>Sin embargo al salir de la comunidad de Cerro Caj\u00f3n, varios de ellos fueron interceptados, desnudados y ten\u00edan la intenci\u00f3n de lincharlos, lo que increment\u00f3 la tensi\u00f3n.<\/p>\n\n\n\n<p>Polic\u00edas estatales intervinieron y de acuerdo con informes extraoficiales, fueron liberados esta tarde-noche.<\/p>\n\n\n\n<p>Sin embargo, una familia de Cerro Caj\u00f3n se encuentra refugiada en Playa Vicente, ya que en su comunidad los aislaron y no les permit\u00edan ni adquirir alimentos ni asistencia m\u00e9dica.<\/p>\n\n\n\n<p>Otra parte de cristianos evang\u00e9licos se qued\u00f3 en la comunidad, por lo que se teme que puedan sufrir m\u00e1s agresiones, como la semana pasada, en que les quemaron su templo.<\/p>\n\n\n\n<p>Hasta el momento, ha habido pasividad por parte de los gobiernos estatal y federal para atender los casos de intolerancia religiosa en Oaxaca por lo que el caso lo denunciar\u00e1n a nivel nacional.<\/p>\n","protected":false},"excerpt":{"rendered":"<p>Ismael Garc\u00eda M.\/Zona Roja. Oaxaca de Ju\u00e1rez, Oax., a 16 de agosto de 2024.- La&hellip;<\/p>\n","protected":false},"author":2,"featured_media":71457,"comment_status":"closed","ping_status":"open","sticky":false,"template":"","format":"standard","meta":{"_lmt_disableupdate":"","_lmt_disable":"","_jetpack_memberships_contains_paid_content":false,"footnotes":""},"categories":[109,47],"tags":[1372],"class_list":["post-71456","post","type-post","status-publish","format-standard","has-post-thumbnail","hentry","category-minuto-a-minuto","category-zona-gris","tag-intolerancia-religiosa-oaxaca"],"jetpack_featured_media_url":"https:\/\/zonaroja.com.mx\/wp-content\/uploads\/2024\/08\/Evangelicos-Lalana-desplazados.jpg","jetpack_sharing_enabled":true,"_links":{"self":[{"href":"https:\/\/zonaroja.com.mx\/index.php?rest_route=\/wp\/v2\/posts\/71456","targetHints":{"allow":["GET"]}}],"collection":[{"href":"https:\/\/zonaroja.com.mx\/index.php?rest_route=\/wp\/v2\/posts"}],"about":[{"href":"https:\/\/zonaroja.com.mx\/index.php?rest_route=\/wp\/v2\/types\/post"}],"author":[{"embeddable":true,"href":"https:\/\/zonaroja.com.mx\/index.php?rest_route=\/wp\/v2\/users\/2"}],"replies":[{"embeddable":true,"href":"https:\/\/zonaroja.com.mx\/index.php?rest_route=%2Fwp%2Fv2%2Fcomments&post=71456"}],"version-history":[{"count":1,"href":"https:\/\/zonaroja.com.mx\/index.php?rest_route=\/wp\/v2\/posts\/71456\/revisions"}],"predecessor-version":[{"id":71458,"href":"https:\/\/zonaroja.com.mx\/index.php?rest_route=\/wp\/v2\/posts\/71456\/revisions\/71458"}],"wp:featuredmedia":[{"embeddable":true,"href":"https:\/\/zonaroja.com.mx\/index.php?rest_route=\/wp\/v2\/media\/71457"}],"wp:attachment":[{"href":"https:\/\/zonaroja.com.mx\/index.php?rest_route=%2Fwp%2Fv2%2Fmedia&parent=71456"}],"wp:term":[{"taxonomy":"category","embeddable":true,"href":"https:\/\/zonaroja.com.mx\/index.php?rest_route=%2Fwp%2Fv2%2Fcategories&post=71456"},{"taxonomy":"post_tag","embeddable":true,"href":"https:\/\/zonaroja.com.mx\/index.php?rest_route=%2Fwp%2Fv2%2Ftags&post=71456"}],"curies":[{"name":"wp","href":"https:\/\/api.w.org\/{rel}","templated":true}]}}