{"id":71462,"date":"2024-08-16T21:24:34","date_gmt":"2024-08-17T03:24:34","guid":{"rendered":"https:\/\/zonaroja.com.mx\/?p=71462"},"modified":"2024-08-16T21:24:36","modified_gmt":"2024-08-17T03:24:36","slug":"celebra-diputada-aprobacion-de-reforma-a-ley-de-desarrollo-cultural-de-oaxaca","status":"publish","type":"post","link":"https:\/\/zonaroja.com.mx\/?p=71462","title":{"rendered":"Celebra diputada aprobaci\u00f3n de reforma a Ley de Desarrollo Cultural de Oaxaca"},"content":{"rendered":"\n<p>Redacci\u00f3n\/Zona Roja.<\/p>\n\n\n\n<p>Oaxaca de Ju\u00e1rez, Oax., a 16 de agosto de 2024.- La diputada de Morena, Mariana Ben\u00edtez Tiburcio, celebr\u00f3 la aprobaci\u00f3n por unanimidad con 32 votos a favor de las y los congresistas a su iniciativa de reforma a la Ley de Desarrollo Cultural del Estado de Oaxaca, que establece que la pol\u00edtica cultural estatal deber\u00e1 contener acciones para la erradicaci\u00f3n de estereotipos socioculturales de g\u00e9nero que propician la violencia y la discriminaci\u00f3n contra las mujeres y ni\u00f1as.<\/p>\n\n\n\n<p>La legisladora local, expuso que los estereotipos de g\u00e9nero son nocivos en la sociedad, porque niegan derechos y libertades a las mujeres, y son da\u00f1inos para las ni\u00f1as porque desde muy temprana edad hacen que reduzcan sus aspiraciones y limiten sus opciones personales y profesionales.<\/p>\n\n\n\n<p>\u00abAunque parezca que la sociedad cambia y los estereotipos desaparecen, se siguen llevando a cabo acciones y conductas, mayoritariamente inconscientes, que muestran c\u00f3mo la desigualdad basada en la diversidad cultural y en espec\u00edfico el g\u00e9nero, contin\u00faa\u00bb, refiri\u00f3.<\/p>\n\n\n\n<p>En este marco, la congresista oaxaque\u00f1a precis\u00f3 que, con esta reforma a la Ley de Desarrollo Cultural, el Ejecutivo estatal establecer\u00e1 la ejecuci\u00f3n de pol\u00edticas p\u00fablicas para la erradicaci\u00f3n de estereotipos socioculturales de g\u00e9nero que propicien la violencia contra las mujeres y ni\u00f1as.<\/p>\n\n\n\n<p>\u201cEs obligaci\u00f3n de las autoridades estatales y municipales garantizar la erradicaci\u00f3n de la violencia social o en la comunidad a trav\u00e9s de la educaci\u00f3n libre de estereotipos, prejuicios o costumbres que impidan el ejercicio de los derechos de las mujeres\u201d, manifest\u00f3.<\/p>\n\n\n\n<p>En este contexto, la congresista oaxaque\u00f1a dijo que es indispensable contar con una pol\u00edtica cultural en la entidad, que coadyuve con la erradicaci\u00f3n de los estereotipos socioculturales que fomentan la violencia contra las oaxaque\u00f1as.<\/p>\n\n\n\n<p>\u201cCelebro la aprobaci\u00f3n de este dictamen por parte del pleno, en aras de la construcci\u00f3n de un Estado que reconozca que el respeto de la diversidad, las tradiciones y los derechos culturales son perfectamente compatibles con la igualdad de g\u00e9nero para que tanto mujeres como hombres, tengan las mismas oportunidades para acceder a la cultura, participar en ella y contribuir a plasmarla en igualdad\u00bb, culmin\u00f3.<\/p>\n","protected":false},"excerpt":{"rendered":"<p>Redacci\u00f3n\/Zona Roja. Oaxaca de Ju\u00e1rez, Oax., a 16 de agosto de 2024.- La diputada de&hellip;<\/p>\n","protected":false},"author":2,"featured_media":71439,"comment_status":"closed","ping_status":"open","sticky":false,"template":"","format":"standard","meta":{"_lmt_disableupdate":"","_lmt_disable":"","_jetpack_memberships_contains_paid_content":false,"footnotes":""},"categories":[109,46],"tags":[2969],"class_list":["post-71462","post","type-post","status-publish","format-standard","has-post-thumbnail","hentry","category-minuto-a-minuto","category-zona-blanca","tag-mariana-benitez-tiburcio"],"jetpack_featured_media_url":"https:\/\/zonaroja.com.mx\/wp-content\/uploads\/2024\/08\/Mariana-benitez.jpg","jetpack_sharing_enabled":true,"_links":{"self":[{"href":"https:\/\/zonaroja.com.mx\/index.php?rest_route=\/wp\/v2\/posts\/71462","targetHints":{"allow":["GET"]}}],"collection":[{"href":"https:\/\/zonaroja.com.mx\/index.php?rest_route=\/wp\/v2\/posts"}],"about":[{"href":"https:\/\/zonaroja.com.mx\/index.php?rest_route=\/wp\/v2\/types\/post"}],"author":[{"embeddable":true,"href":"https:\/\/zonaroja.com.mx\/index.php?rest_route=\/wp\/v2\/users\/2"}],"replies":[{"embeddable":true,"href":"https:\/\/zonaroja.com.mx\/index.php?rest_route=%2Fwp%2Fv2%2Fcomments&post=71462"}],"version-history":[{"count":1,"href":"https:\/\/zonaroja.com.mx\/index.php?rest_route=\/wp\/v2\/posts\/71462\/revisions"}],"predecessor-version":[{"id":71463,"href":"https:\/\/zonaroja.com.mx\/index.php?rest_route=\/wp\/v2\/posts\/71462\/revisions\/71463"}],"wp:featuredmedia":[{"embeddable":true,"href":"https:\/\/zonaroja.com.mx\/index.php?rest_route=\/wp\/v2\/media\/71439"}],"wp:attachment":[{"href":"https:\/\/zonaroja.com.mx\/index.php?rest_route=%2Fwp%2Fv2%2Fmedia&parent=71462"}],"wp:term":[{"taxonomy":"category","embeddable":true,"href":"https:\/\/zonaroja.com.mx\/index.php?rest_route=%2Fwp%2Fv2%2Fcategories&post=71462"},{"taxonomy":"post_tag","embeddable":true,"href":"https:\/\/zonaroja.com.mx\/index.php?rest_route=%2Fwp%2Fv2%2Ftags&post=71462"}],"curies":[{"name":"wp","href":"https:\/\/api.w.org\/{rel}","templated":true}]}}