{"id":71464,"date":"2024-08-17T07:24:21","date_gmt":"2024-08-17T13:24:21","guid":{"rendered":"https:\/\/zonaroja.com.mx\/?p=71464"},"modified":"2024-08-17T07:24:23","modified_gmt":"2024-08-17T13:24:23","slug":"asegura-nino-morales-que-desde-el-senado-seran-aliados-de-claudia-sheinbaum","status":"publish","type":"post","link":"https:\/\/zonaroja.com.mx\/?p=71464","title":{"rendered":"Asegura Nino Morales que desde el Senado ser\u00e1n aliados de Claudia Sheinbaum"},"content":{"rendered":"\n<p>Raymundo Morales\/Zona Roja.<\/p>\n\n\n\n<p>Oaxaca de Ju\u00e1rez, Oax., a 17 de agosto de 2024.- Tras acudir a la entrega de constancia a la Presidenta electa de M\u00e9xico, el pr\u00f3ximo senador por Oaxaca, Antonino Morales Toledo, asegur\u00f3 que desde el Legislativo ser\u00e1n aliados de Claudia Sheinbaum Pardo.<\/p>\n\n\n\n<p>En entrevista colectiva, reiter\u00f3 su compromiso su compromiso de apoyar la continuidad de la transformaci\u00f3n del pa\u00eds y la preservaci\u00f3n del legado del mandatario mexicano Andr\u00e9s Manuel L\u00f3pez Obrador.<\/p>\n\n\n\n<p>Morales Toledo calific\u00f3 el momento como un hecho hist\u00f3rico para M\u00e9xico y destac\u00f3 la relevancia de que, por primera vez en 200 a\u00f1os, una mujer asume la presidencia del pa\u00eds. \u00abEs un d\u00eda trascendental que marca el inicio de una nueva etapa en la historia de nuestra naci\u00f3n\u00bb, se\u00f1al\u00f3.<\/p>\n\n\n\n<p>Adem\u00e1s, subray\u00f3 la importancia de la reforma al Poder Judicial y que fue mencionado como parte del discurso de la presidenta electa Claudia Sheinbaum. Morales Toledo asegur\u00f3 que cuando entre en funciones la LXVI Legislatura, el Senado respaldar\u00e1 firmemente esta iniciativa que es una prioridad para la Cuarta Transformaci\u00f3n.<\/p>\n\n\n\n<p>\u00abDesde el Senado, seremos aliados estrat\u00e9gicos para continuar con el segundo piso de la transformaci\u00f3n\u00bb, concluy\u00f3 el pr\u00f3ximo senador oaxaque\u00f1o, quien ha continuado sus recorridos por el interior del estado, con la finalidad de promover di\u00e1logos para las pr\u00f3ximas iniciativas desde el Congreso de la Uni\u00f3n.<\/p>\n\n\n\n<p>De la misma manera, ha acompa\u00f1ado a diversas giras de trabajo al titular del Poder Ejecutivo estatal, Salom\u00f3n Jara Cruz, en que ha reconocido el compromiso del gobernador con los pueblos originarios y con los oaxaque\u00f1os en general.<\/p>\n","protected":false},"excerpt":{"rendered":"<p>Raymundo Morales\/Zona Roja. Oaxaca de Ju\u00e1rez, Oax., a 17 de agosto de 2024.- Tras acudir&hellip;<\/p>\n","protected":false},"author":2,"featured_media":71465,"comment_status":"closed","ping_status":"open","sticky":false,"template":"","format":"standard","meta":{"_lmt_disableupdate":"","_lmt_disable":"","_jetpack_memberships_contains_paid_content":false,"footnotes":""},"categories":[109,46],"tags":[180],"class_list":["post-71464","post","type-post","status-publish","format-standard","has-post-thumbnail","hentry","category-minuto-a-minuto","category-zona-blanca","tag-antonino-morales-toledo"],"jetpack_featured_media_url":"https:\/\/zonaroja.com.mx\/wp-content\/uploads\/2024\/08\/Antonino-Morales-y-Claudia-Sheinbaum.jpg","jetpack_sharing_enabled":true,"_links":{"self":[{"href":"https:\/\/zonaroja.com.mx\/index.php?rest_route=\/wp\/v2\/posts\/71464","targetHints":{"allow":["GET"]}}],"collection":[{"href":"https:\/\/zonaroja.com.mx\/index.php?rest_route=\/wp\/v2\/posts"}],"about":[{"href":"https:\/\/zonaroja.com.mx\/index.php?rest_route=\/wp\/v2\/types\/post"}],"author":[{"embeddable":true,"href":"https:\/\/zonaroja.com.mx\/index.php?rest_route=\/wp\/v2\/users\/2"}],"replies":[{"embeddable":true,"href":"https:\/\/zonaroja.com.mx\/index.php?rest_route=%2Fwp%2Fv2%2Fcomments&post=71464"}],"version-history":[{"count":1,"href":"https:\/\/zonaroja.com.mx\/index.php?rest_route=\/wp\/v2\/posts\/71464\/revisions"}],"predecessor-version":[{"id":71466,"href":"https:\/\/zonaroja.com.mx\/index.php?rest_route=\/wp\/v2\/posts\/71464\/revisions\/71466"}],"wp:featuredmedia":[{"embeddable":true,"href":"https:\/\/zonaroja.com.mx\/index.php?rest_route=\/wp\/v2\/media\/71465"}],"wp:attachment":[{"href":"https:\/\/zonaroja.com.mx\/index.php?rest_route=%2Fwp%2Fv2%2Fmedia&parent=71464"}],"wp:term":[{"taxonomy":"category","embeddable":true,"href":"https:\/\/zonaroja.com.mx\/index.php?rest_route=%2Fwp%2Fv2%2Fcategories&post=71464"},{"taxonomy":"post_tag","embeddable":true,"href":"https:\/\/zonaroja.com.mx\/index.php?rest_route=%2Fwp%2Fv2%2Ftags&post=71464"}],"curies":[{"name":"wp","href":"https:\/\/api.w.org\/{rel}","templated":true}]}}