{"id":71467,"date":"2024-08-17T09:26:00","date_gmt":"2024-08-17T15:26:00","guid":{"rendered":"https:\/\/zonaroja.com.mx\/?p=71467"},"modified":"2024-08-17T07:27:12","modified_gmt":"2024-08-17T13:27:12","slug":"confirman-que-sera-por-voto-popular-eleccion-de-magistrados-de-la-corte","status":"publish","type":"post","link":"https:\/\/zonaroja.com.mx\/?p=71467","title":{"rendered":"Confirman que ser\u00e1 por voto popular elecci\u00f3n de magistrados de la Corte"},"content":{"rendered":"\n<p>Redacci\u00f3n\/Zona Roja Cdmx.<\/p>\n\n\n\n<p>Ciudad de M\u00e9xico, a 17 de agosto de 2024.- La renovaci\u00f3n de los integrantes de la Suprema Corte de Justicia de la Naci\u00f3n (SCJN), del 50 por ciento de magistrados, as\u00ed como las vacantes que existan en el Poder Judicial, se realizar\u00e1 a trav\u00e9s de una elecci\u00f3n extraordinaria el primer domingo de junio del 2025, tal y como lo se\u00f1al\u00f3 este viernes el coordinador de la bancada de MORENA en la C\u00e1mara de Diputados, Ignacio Mier.<\/p>\n\n\n\n<p>\u201cEn el 2025 (se realizar\u00e1) la elecci\u00f3n para la totalidad de los ministros de la Corte, para el 50 por ciento de magistrados y para todas las vacantes, cesant\u00edas, pre retiros, prejubilaciones de jueces, de tal manera que podamos determinar a trav\u00e9s de un informe que emita la Judicatura Federal al Senado de la Rep\u00fablica cu\u00e1l ser\u00eda el n\u00famero exacto (de cargos a renovar\u201d, se\u00f1al\u00f3 el diputado, puntualizando que el resto de los cargos del Poder Judicial ser\u00e1n elegidos en una elecci\u00f3n concurrente, que se celebrar\u00eda en el a\u00f1o 2027.<\/p>\n\n\n\n<p>En conferencia de prensa, Mier present\u00f3 los 100 cambios que se incorporar\u00e1n al proyecto de dictamen de la Reforma Judicial, presentada por el presidente Andr\u00e9s Manuel L\u00f3pez Obrador, de los cuales 60 surgieron de los nueve foros nacionales realizados a lo largo del pa\u00eds. La decisi\u00f3n de que las elecciones de magistrados sea escalonada es parte de estos cambios que el partido planea hacer a la Reforma.<\/p>\n\n\n\n<p>Por su parte, el diputado morenista, Juan Ramiro Robledo, presidente de la Comisi\u00f3n de Puntos Constitucionales, puntualiz\u00f3 que otros cambios que se agregar\u00e1n al dictamen de la reforma ser\u00e1n la instalaci\u00f3n de tres \u00f3rganos de evaluaci\u00f3n, uno por cada poder, que revisar\u00e1 los expedientes y antecedentes de cada aspirante, con el fin de que los contendientes sean los m\u00e1s aptos para los cargos. Adem\u00e1s, estos \u00f3rganos realizar\u00e1n dos evaluaciones, una antes de participar y otra una vez se haya tomado protesta.<\/p>\n\n\n\n<p>Tambi\u00e9n explic\u00f3 que, en el caso de que un solo cargo re\u00fana a muchos aspirantes con todos los requisitos, el Instituto Nacional Electoral (INE) realizar\u00e1 una insaculaci\u00f3n (sorteo) para seleccionar a los candidatos que se registrar\u00e1n para contender a los puestos.<\/p>\n\n\n\n<p>Sobre las campa\u00f1as, Robledo dijo que ser\u00e1n fuera de lo acostumbrado, ya que no ser\u00e1n en territorio y con propaganda, sino que los aspirantes s\u00f3lo podr\u00e1n exponer sus propuestas y conocimientos en lo individual y en debates organizados por el INE o en medios de comunicaci\u00f3n. Sobre los actuales ministros de la Corte, se\u00f1al\u00f3 que magistrados y jueces tienen la posibilidad de participar en la elecci\u00f3n sin ning\u00fan requisito ni evaluaci\u00f3n.<\/p>\n\n\n\n<p>En las pr\u00f3ximas horas se circular\u00e1 entre los integrantes de la comisi\u00f3n el dictamen de la reforma judicial y tendr\u00e1n 10 d\u00edas para analizarlo, es decir, se estar\u00eda discutiendo la reforma en la Comisi\u00f3n de Puntos Constitucionales a m\u00e1s tardar el 26 de agosto, finaliz\u00f3 Robledo.<\/p>\n\n\n\n<p>(Informaci\u00f3n de Infobae M\u00e9xico)<\/p>\n","protected":false},"excerpt":{"rendered":"<p>Redacci\u00f3n\/Zona Roja Cdmx. Ciudad de M\u00e9xico, a 17 de agosto de 2024.- La renovaci\u00f3n de&hellip;<\/p>\n","protected":false},"author":2,"featured_media":69539,"comment_status":"closed","ping_status":"open","sticky":false,"template":"","format":"standard","meta":{"_lmt_disableupdate":"","_lmt_disable":"","_jetpack_memberships_contains_paid_content":false,"footnotes":""},"categories":[109,47],"tags":[3707],"class_list":["post-71467","post","type-post","status-publish","format-standard","has-post-thumbnail","hentry","category-minuto-a-minuto","category-zona-gris","tag-poder-judicial-de-la-federacion"],"jetpack_featured_media_url":"https:\/\/zonaroja.com.mx\/wp-content\/uploads\/2024\/06\/Suprema-Corte-de-Justicia.jpeg","jetpack_sharing_enabled":true,"_links":{"self":[{"href":"https:\/\/zonaroja.com.mx\/index.php?rest_route=\/wp\/v2\/posts\/71467","targetHints":{"allow":["GET"]}}],"collection":[{"href":"https:\/\/zonaroja.com.mx\/index.php?rest_route=\/wp\/v2\/posts"}],"about":[{"href":"https:\/\/zonaroja.com.mx\/index.php?rest_route=\/wp\/v2\/types\/post"}],"author":[{"embeddable":true,"href":"https:\/\/zonaroja.com.mx\/index.php?rest_route=\/wp\/v2\/users\/2"}],"replies":[{"embeddable":true,"href":"https:\/\/zonaroja.com.mx\/index.php?rest_route=%2Fwp%2Fv2%2Fcomments&post=71467"}],"version-history":[{"count":1,"href":"https:\/\/zonaroja.com.mx\/index.php?rest_route=\/wp\/v2\/posts\/71467\/revisions"}],"predecessor-version":[{"id":71468,"href":"https:\/\/zonaroja.com.mx\/index.php?rest_route=\/wp\/v2\/posts\/71467\/revisions\/71468"}],"wp:featuredmedia":[{"embeddable":true,"href":"https:\/\/zonaroja.com.mx\/index.php?rest_route=\/wp\/v2\/media\/69539"}],"wp:attachment":[{"href":"https:\/\/zonaroja.com.mx\/index.php?rest_route=%2Fwp%2Fv2%2Fmedia&parent=71467"}],"wp:term":[{"taxonomy":"category","embeddable":true,"href":"https:\/\/zonaroja.com.mx\/index.php?rest_route=%2Fwp%2Fv2%2Fcategories&post=71467"},{"taxonomy":"post_tag","embeddable":true,"href":"https:\/\/zonaroja.com.mx\/index.php?rest_route=%2Fwp%2Fv2%2Ftags&post=71467"}],"curies":[{"name":"wp","href":"https:\/\/api.w.org\/{rel}","templated":true}]}}