{"id":71469,"date":"2024-08-17T08:39:00","date_gmt":"2024-08-17T14:39:00","guid":{"rendered":"https:\/\/zonaroja.com.mx\/?p=71469"},"modified":"2024-08-17T07:45:51","modified_gmt":"2024-08-17T13:45:51","slug":"causa-controversia-y-rechazo-concierto-de-dani-flow-en-oaxaca","status":"publish","type":"post","link":"https:\/\/zonaroja.com.mx\/?p=71469","title":{"rendered":"Causa controversia y rechazo concierto de Dani Flow en Oaxaca"},"content":{"rendered":"\n<p>Raymundo Morales\/Zona Roja.<\/p>\n\n\n\n<p>Oaxaca de Ju\u00e1rez, Oax., a 17 de agosto de 2024.- Un concierto del cantante Dani Flow programado en Oaxaca para el pr\u00f3ximo 31 de agosto caus\u00f3 controversia y rechazo por parte de autoridades municipales y estatales.<\/p>\n\n\n\n<p>De acuerdo con carteles colocados en distintos puntos de la capital, la audici\u00f3n est\u00e1 programada a las 19:00 horas de la fecha referida en el estadio \u201cManuel Cabrera Carrasquedo\u201d, ubicado en la colonia Am\u00e9rica de la ciudad de Oaxaca y perteneciente a la UABJO.<\/p>\n\n\n\n<p>No obstante, las cr\u00edticas se han vertido debido a que las canciones de Dani Flow denigran a la mujer, la cosifican y resaltan las actitudes machistas, seg\u00fan denuncias que se han registrado en puntos donde se ha presentado.<\/p>\n\n\n\n<p>El pasado jueves, hubo pronunciamientos por parte de concejales del Cabildo de Oaxaca de Ju\u00e1rez para exigir que no se autorice la presentaci\u00f3n de dicho cantante; adem\u00e1s, se precis\u00f3 que hasta el momento no hay ninguna autorizaci\u00f3n al respecto.<\/p>\n\n\n\n<p>Anteayer, la secretaria de las Mujeres del gobierno de Oaxaca, Anah\u00ed Sarmiento, public\u00f3 en sus redes sociales un pronunciamiento: \u201cDesde la Secretar\u00eda de las Mujeres del Estado de Oaxaca hago un exhorto en\u00e9rgico para cancelar el concierto del artista \u201cDany Flow\u201d el cual se presentar\u00e1 en la ciudad de Oaxaca el 31 de agosto\u201d.<\/p>\n\n\n\n<p>Tras ello, el cantante respondi\u00f3 a trav\u00e9s de sus redes sociales y corrigi\u00f3 a la secretaria que su nombre es Dani y no \u201cDany\u201d, al tiempo de reiterar que s\u00ed dar\u00e1 su concierto.<\/p>\n\n\n\n<p>POSTURA OFICIAL<\/p>\n\n\n\n<p>Al respecto, el gobernador de Oaxaca, Salom\u00f3n Jara Cruz, se\u00f1al\u00f3 que autorizar un evento musical en el que las letras de las canciones denigran, cosifican e hipersexualizan a las mujeres y adolescentes, ser\u00eda fomentar la normalizaci\u00f3n de la violencia de g\u00e9nero, por ello, su administraci\u00f3n no es ni ser\u00e1 c\u00f3mplice del machismo y misoginia.&nbsp;<\/p>\n\n\n\n<p>En un comunicado, desestim\u00f3 los se\u00f1alamientos de censura por la cancelaci\u00f3n del concierto del int\u00e9rprete conocido como Dani Flow y manifest\u00f3 que en la entidad no se autorizar\u00e1n presentaciones de artistas que hagan apolog\u00eda de la violencia de g\u00e9nero contra las mujeres.<\/p>\n\n\n\n<p>\u201cLa restricci\u00f3n abarcar\u00e1 a todos los g\u00e9neros musicales, no solamente al reguet\u00f3n, si un cantante o grupo musical fomenta la violencia contra las mujeres o cualquier otro tipo de violencia, simplemente no podr\u00e1 hacerlo en Oaxaca\u201d, refiri\u00f3.<\/p>\n\n\n\n<p>Asegur\u00f3 que la pol\u00e9mica que est\u00e1 generado la medida es positiva, ya que enfoca el debate en el contenido de las letras de las canciones y sus efectos en la normalizaci\u00f3n de estas conductas.&nbsp;<\/p>\n\n\n\n<p>\u201cAdem\u00e1s, el derecho a la libertad de expresi\u00f3n no es un derecho absoluto, pues su ejercicio tiene como l\u00edmite natural los derechos de las dem\u00e1s personas, en este caso, el derecho de las mujeres a una vida libre de violencias\u201d, dijo.&nbsp;<\/p>\n\n\n\n<p>El mandatario estatal indic\u00f3 que las personas int\u00e9rpretes de reguet\u00f3n y corridos tumbados con mayor \u00e9xito, peligrosamente fomentan valores negativos como el consumo de drogas, la violencia, la ostentaci\u00f3n, el lujo, el culto al dinero y, sobre todo, la cosificaci\u00f3n de la mujer.<\/p>\n\n\n\n<p>Por su parte, la Universidad Aut\u00f3noma \u201cBenito Ju\u00e1rez\u201d, que encabeza Cristian \u00c9der Carre\u00f1o, precis\u00f3 que no ha autorizado ning\u00fan concierto de Dani Flow en instalaciones universitarias, incluida el campo deportivo \u201cManuel Cabrera Carrasquedo\u201d.<\/p>\n","protected":false},"excerpt":{"rendered":"<p>Raymundo Morales\/Zona Roja. Oaxaca de Ju\u00e1rez, Oax., a 17 de agosto de 2024.- Un concierto&hellip;<\/p>\n","protected":false},"author":2,"featured_media":71470,"comment_status":"closed","ping_status":"open","sticky":false,"template":"","format":"standard","meta":{"_lmt_disableupdate":"","_lmt_disable":"","_jetpack_memberships_contains_paid_content":false,"footnotes":""},"categories":[109,47],"tags":[4032],"class_list":["post-71469","post","type-post","status-publish","format-standard","has-post-thumbnail","hentry","category-minuto-a-minuto","category-zona-gris","tag-dani-flow"],"jetpack_featured_media_url":"https:\/\/zonaroja.com.mx\/wp-content\/uploads\/2024\/08\/Conciertro-Dani-Flow-Oaxaca.jpg","jetpack_sharing_enabled":true,"_links":{"self":[{"href":"https:\/\/zonaroja.com.mx\/index.php?rest_route=\/wp\/v2\/posts\/71469","targetHints":{"allow":["GET"]}}],"collection":[{"href":"https:\/\/zonaroja.com.mx\/index.php?rest_route=\/wp\/v2\/posts"}],"about":[{"href":"https:\/\/zonaroja.com.mx\/index.php?rest_route=\/wp\/v2\/types\/post"}],"author":[{"embeddable":true,"href":"https:\/\/zonaroja.com.mx\/index.php?rest_route=\/wp\/v2\/users\/2"}],"replies":[{"embeddable":true,"href":"https:\/\/zonaroja.com.mx\/index.php?rest_route=%2Fwp%2Fv2%2Fcomments&post=71469"}],"version-history":[{"count":1,"href":"https:\/\/zonaroja.com.mx\/index.php?rest_route=\/wp\/v2\/posts\/71469\/revisions"}],"predecessor-version":[{"id":71471,"href":"https:\/\/zonaroja.com.mx\/index.php?rest_route=\/wp\/v2\/posts\/71469\/revisions\/71471"}],"wp:featuredmedia":[{"embeddable":true,"href":"https:\/\/zonaroja.com.mx\/index.php?rest_route=\/wp\/v2\/media\/71470"}],"wp:attachment":[{"href":"https:\/\/zonaroja.com.mx\/index.php?rest_route=%2Fwp%2Fv2%2Fmedia&parent=71469"}],"wp:term":[{"taxonomy":"category","embeddable":true,"href":"https:\/\/zonaroja.com.mx\/index.php?rest_route=%2Fwp%2Fv2%2Fcategories&post=71469"},{"taxonomy":"post_tag","embeddable":true,"href":"https:\/\/zonaroja.com.mx\/index.php?rest_route=%2Fwp%2Fv2%2Ftags&post=71469"}],"curies":[{"name":"wp","href":"https:\/\/api.w.org\/{rel}","templated":true}]}}