{"id":71472,"date":"2024-08-17T10:48:00","date_gmt":"2024-08-17T16:48:00","guid":{"rendered":"https:\/\/zonaroja.com.mx\/?p=71472"},"modified":"2024-08-17T07:54:33","modified_gmt":"2024-08-17T13:54:33","slug":"registra-mexico-212-casos-de-viruela-del-mono-causa-alarma","status":"publish","type":"post","link":"https:\/\/zonaroja.com.mx\/?p=71472","title":{"rendered":"Registra M\u00e9xico 212 casos de \u201cViruela del mono\u201d; causa alarma"},"content":{"rendered":"\n<p>Redacci\u00f3n\/Zona Roja Cdmx.<\/p>\n\n\n\n<p>Ciudad de M\u00e9xico, a 17 de agosto de 2024.- Dos hombres vecinos, originarios de Morelos, fueron atendidos de manera ambulatoria en una cl\u00ednica de la Ciudad de M\u00e9xico por viruela del mono.<\/p>\n\n\n\n<p>Sin embargo, al tener su residencia en el municipio de Temixco, aparecen en el cuadro epidemiol\u00f3gico asignados a esta entidad federativa, de acuerdo con informaci\u00f3n de la Secretar\u00eda de Salud.<\/p>\n\n\n\n<p>Cecilia Guzm\u00e1n Rodr\u00edguez, titular de la Coordinaci\u00f3n del Servicio Nacional de Salud P\u00fablica en la entidad (SNSP), confirm\u00f3 ambos casos de viruela del mono y explic\u00f3 que tras la determinaci\u00f3n de la Organizaci\u00f3n Mundial de la Salud (OMS) de declarar la emergencia de salud p\u00fablica \u201ces fundamental no alarmarse y atender las recomendaciones del sector salud\u201d.<\/p>\n\n\n\n<p>Por ello, inform\u00f3 que la vigilancia epidemiol\u00f3gica en Morelos se ha reforzado e informado al personal sanitario sobre las disposiciones de la OMS, as\u00ed como de la Secretar\u00eda de Salud federal, con el objetivo de que las unidades m\u00e9dicas \u201cvigilen y notifiquen los casos probables para reducir en lo posible las cadenas de contagio y proporcionar a las personas enfermas atenci\u00f3n m\u00e9dica de forma oportuna\u201d.<\/p>\n\n\n\n<p>Guzm\u00e1n Rodr\u00edguez detall\u00f3 que, de acuerdo con las autoridades federales, del 1 de enero al 5 de agosto de 2024, se tiene un total de 212 casos de viruela del mono notificados en M\u00e9xico, de los cuales 49 son confirmados.<\/p>\n\n\n\n<p>Los casos est\u00e1n distribuidos en 11 entidades federativas: Ciudad de M\u00e9xico, 29; Quintana Roo 7; Jalisco, 3; Morelos, 2; Puebla, 2; Estado de M\u00e9xico, 1; Nuevo Le\u00f3n, 1; Sinaloa, 1; Tamaulipas, 1; Tlaxcala, 1 y Veracruz, 1; siendo la variante clado II la \u00fanica detectada en todos los casos analizados en M\u00e9xico; \u201chasta el momento no se ha identificado la nueva variante clado Ib\u201d.<\/p>\n\n\n\n<p>Por esta raz\u00f3n, pidi\u00f3 usar cubrebocas en espacios cerrados, lavarse las manos con agua y jab\u00f3n, utilizar alcohol gel al 70 por ciento, practicar el estornudo de etiqueta, no compartir objetos personales, limpiar y desinfectar espacios de uso com\u00fan, asimismo, evitar contacto piel con piel con cualquier persona con s\u00edntomas o tenga diagn\u00f3stico confirmatorio.<\/p>\n\n\n\n<p>Los s\u00edntomas de Mpox son: fiebre, dolor de cabeza, inflamaci\u00f3n de los ganglios linf\u00e1ticos, dolor lumbar, dolores musculares, cansancio y lesiones en piel (se presentan inicialmente en la cara y posteriormente en el resto del cuerpo), por lo que inmediatamente pueden solicitar asistencia m\u00e9dica en la unidad que&nbsp;corresponda.<\/p>\n\n\n\n<p>(Informaci\u00f3n de \u201cEl Financiero\u201d)<\/p>\n","protected":false},"excerpt":{"rendered":"<p>Redacci\u00f3n\/Zona Roja Cdmx. Ciudad de M\u00e9xico, a 17 de agosto de 2024.- Dos hombres vecinos,&hellip;<\/p>\n","protected":false},"author":2,"featured_media":71397,"comment_status":"closed","ping_status":"open","sticky":false,"template":"","format":"standard","meta":{"_lmt_disableupdate":"","_lmt_disable":"","_jetpack_memberships_contains_paid_content":false,"footnotes":""},"categories":[109,46],"tags":[3161],"class_list":["post-71472","post","type-post","status-publish","format-standard","has-post-thumbnail","hentry","category-minuto-a-minuto","category-zona-blanca","tag-viruela-del-mono"],"jetpack_featured_media_url":"https:\/\/zonaroja.com.mx\/wp-content\/uploads\/2024\/08\/Viruela-del-mono.jpg","jetpack_sharing_enabled":true,"_links":{"self":[{"href":"https:\/\/zonaroja.com.mx\/index.php?rest_route=\/wp\/v2\/posts\/71472","targetHints":{"allow":["GET"]}}],"collection":[{"href":"https:\/\/zonaroja.com.mx\/index.php?rest_route=\/wp\/v2\/posts"}],"about":[{"href":"https:\/\/zonaroja.com.mx\/index.php?rest_route=\/wp\/v2\/types\/post"}],"author":[{"embeddable":true,"href":"https:\/\/zonaroja.com.mx\/index.php?rest_route=\/wp\/v2\/users\/2"}],"replies":[{"embeddable":true,"href":"https:\/\/zonaroja.com.mx\/index.php?rest_route=%2Fwp%2Fv2%2Fcomments&post=71472"}],"version-history":[{"count":1,"href":"https:\/\/zonaroja.com.mx\/index.php?rest_route=\/wp\/v2\/posts\/71472\/revisions"}],"predecessor-version":[{"id":71473,"href":"https:\/\/zonaroja.com.mx\/index.php?rest_route=\/wp\/v2\/posts\/71472\/revisions\/71473"}],"wp:featuredmedia":[{"embeddable":true,"href":"https:\/\/zonaroja.com.mx\/index.php?rest_route=\/wp\/v2\/media\/71397"}],"wp:attachment":[{"href":"https:\/\/zonaroja.com.mx\/index.php?rest_route=%2Fwp%2Fv2%2Fmedia&parent=71472"}],"wp:term":[{"taxonomy":"category","embeddable":true,"href":"https:\/\/zonaroja.com.mx\/index.php?rest_route=%2Fwp%2Fv2%2Fcategories&post=71472"},{"taxonomy":"post_tag","embeddable":true,"href":"https:\/\/zonaroja.com.mx\/index.php?rest_route=%2Fwp%2Fv2%2Ftags&post=71472"}],"curies":[{"name":"wp","href":"https:\/\/api.w.org\/{rel}","templated":true}]}}