{"id":71480,"date":"2024-08-17T13:12:00","date_gmt":"2024-08-17T19:12:00","guid":{"rendered":"https:\/\/zonaroja.com.mx\/?p=71480"},"modified":"2024-08-17T08:13:48","modified_gmt":"2024-08-17T14:13:48","slug":"encara-y-amenaza-titular-de-ssp-zacatecas-a-2-fotoperiodistas","status":"publish","type":"post","link":"https:\/\/zonaroja.com.mx\/?p=71480","title":{"rendered":"Encara y amenaza titular de SSP Zacatecas a 2 fotoperiodistas"},"content":{"rendered":"\n<p>Redacci\u00f3n\/Zona Roja Cdmx.<\/p>\n\n\n\n<p>Ciudad de M\u00e9xico, a 17 de agosto de 2024.- Arturo Medina Mayoral, general retirado del Ej\u00e9rcito Mexicano y titular de la Secretar\u00eda de Seguridad P\u00fablica del Estado de Zacatecas, encar\u00f3 y amenaz\u00f3 a dos fotoperiodistas de medios locales, mientras cubr\u00edan minutos despu\u00e9s de ocurrido, un enfrentamiento armado, entre polic\u00edas estatales y presuntos delincuentes, en la privada Begonias, del municipio de Guadalupe, al sur de la zona conurbada de la capital de Zacatecas.<\/p>\n\n\n\n<p>Los fotoperiodistas Eduardo Pesci y Ricardo Reyes, del portal Testigo Minero y El Sol de Zacatecas, fueron insultados y amenazados por el mando polic\u00edaco, cuando los reporteros lo abordaron, y denunciaron que agentes estatales pertenecientes a la Fuerza de Reacci\u00f3n Inmediata, realizaron disparos con sus armas de fuego contra un dron, que utilizan para hacer sus coberturas noticiosas.<\/p>\n\n\n\n<p>Ataviado completamente de negro, con pasamonta\u00f1as y lentes oscuros, el general incluso amenaz\u00f3 a los reporteros \u2013que se encontraban detr\u00e1s de la cinta amarilla que delimita la zona de riesgo-, con denunciarlos, por \u201cinterferencia\u201d a la polic\u00eda.<\/p>\n\n\n\n<p>\u201cHace un momento fuimos atacados general, al dron le dispararon los polic\u00edas, tenemos las pruebas. \u00bfPor qu\u00e9 esta agresi\u00f3n general? Con todo respeto\u201d, le pregunt\u00f3 el reportero Eduardo Pesci al secretario de Seguridad P\u00fablica del estado, que inicialmente se sorprendi\u00f3 con el reclamo:<\/p>\n\n\n\n<p>\u00bfPorque, qu\u00e9? \u00bfQui\u00e9n les dispar\u00f3?<\/p>\n\n\n\n<p>Los polic\u00edas que est\u00e1n ah\u00ed adentro (en el interior de la privada)<\/p>\n\n\n\n<p>\u00bfA ustedes?<\/p>\n\n\n\n<p>S\u00ed (al dron)<\/p>\n\n\n\n<p>Enseguida la actitud del general Medina Mayoral cambi\u00f3: \u201cf\u00edjense, pongan atenci\u00f3n, que se escuche bien claro lo que le voy a decir: no interfiera con las actividades, porque hay gente peligrosa dentro disparando\u201d.<\/p>\n\n\n\n<p>\u201cNo estamos interfiriendo general, estamos trabajando, por qu\u00e9 nos disparan\u201d, respondi\u00f3 el reportero.<\/p>\n\n\n\n<p>El General Medina Mayoral argument\u00f3 que, al encontrarse los efectivos dentro de un per\u00edmetro de riesgo, los agentes dispararon en defensa: \u201cno le dispararon a usted, hay una agresi\u00f3n, y usted se mete, est\u00e1 obstruyendo la justicia, ya se lo dije\u2026 se mete y usted no tiene por qu\u00e9 entrar\u201d, con el dron.<\/p>\n\n\n\n<p>\u201c\u00c9sta es una zona peligrosa, y en cualquier momento nos pueden disparar\u201d, advirti\u00f3 el general a los dos reporteros. \u201cConocemos los riesgos, pero hacemos nuestro trabajo respetando los protocolos\u201d, respondi\u00f3 el reportero Eduardo Pesci.<\/p>\n\n\n\n<p>El General molesto y a gritos remat\u00f3: \u201centonces no est\u00e9 diciendo tonter\u00edas, porque yo le voy a levantar a usted una denuncia por estar interfiriendo\u201d, \u201cLev\u00e1ntemela -ret\u00f3 el periodista-, enti\u00e9ndalo usted y respete nuestro trabajo secretario, mi trabajo es informar se\u00f1or, d\u00e9jeme trabajar\u201d.<\/p>\n\n\n\n<p>Enseguida, un polic\u00eda estatal uniformado, portando su arma larga, sali\u00f3 detr\u00e1s del general, y tom\u00f3 a los dos reporteros por el hombro a cada uno, para retirarlos a empujones de la zona, repitiendo la frase: \u201cdenme chance \u00bfno? A ver, denme chance por favor\u201d.<\/p>\n\n\n\n<p>Posteriormente, la vocer\u00eda de la \u201cMesa para la construcci\u00f3n de la paz\u201d, de la propia SSPZ, inform\u00f3 que dentro de una presunta casa de seguridad, fueron detenidos cuatro presuntos delincuentes, identificados como: Safari N., de 18 a\u00f1os; una menor de 16 a\u00f1os; ambas originarias de Zacatecas; Francisco David N., de 25 a\u00f1os, de Sinaloa; y Franco Jes\u00fas N., de 23 a\u00f1os, oriundo del estado de M\u00e9xico.<\/p>\n\n\n\n<p>Se decomisaron, adem\u00e1s en el sitio, cuatro armas largas, 14 cargadores para armas de grueso calibre, 27 cargadores para armas de fuego conocidas como \u201ccuerno de chivo\u201d, 1 mil 111 cartuchos, tres chalecos bal\u00edsticos, un veh\u00edculo y una bolsa que conten\u00eda alrededor de 70 dosis de droga.<\/p>\n\n\n\n<p>No es la primera vez que el general Medina Mayoral grita y rega\u00f1a p\u00fablicamente a otros periodistas, e incluso polic\u00edas ministeriales y agentes del MP lo han denunciado p\u00fablicamente, por amenazas.<\/p>\n\n\n\n<p>(Informaci\u00f3n de \u201cLa Jornada\u201d)<\/p>\n","protected":false},"excerpt":{"rendered":"<p>Redacci\u00f3n\/Zona Roja Cdmx. Ciudad de M\u00e9xico, a 17 de agosto de 2024.- Arturo Medina Mayoral,&hellip;<\/p>\n","protected":false},"author":2,"featured_media":71481,"comment_status":"closed","ping_status":"open","sticky":false,"template":"","format":"standard","meta":{"_lmt_disableupdate":"","_lmt_disable":"","_jetpack_memberships_contains_paid_content":false,"footnotes":""},"categories":[109,47],"tags":[],"class_list":["post-71480","post","type-post","status-publish","format-standard","has-post-thumbnail","hentry","category-minuto-a-minuto","category-zona-gris"],"jetpack_featured_media_url":"https:\/\/zonaroja.com.mx\/wp-content\/uploads\/2024\/08\/Zacatecas-Seguridad.jpeg","jetpack_sharing_enabled":true,"_links":{"self":[{"href":"https:\/\/zonaroja.com.mx\/index.php?rest_route=\/wp\/v2\/posts\/71480","targetHints":{"allow":["GET"]}}],"collection":[{"href":"https:\/\/zonaroja.com.mx\/index.php?rest_route=\/wp\/v2\/posts"}],"about":[{"href":"https:\/\/zonaroja.com.mx\/index.php?rest_route=\/wp\/v2\/types\/post"}],"author":[{"embeddable":true,"href":"https:\/\/zonaroja.com.mx\/index.php?rest_route=\/wp\/v2\/users\/2"}],"replies":[{"embeddable":true,"href":"https:\/\/zonaroja.com.mx\/index.php?rest_route=%2Fwp%2Fv2%2Fcomments&post=71480"}],"version-history":[{"count":1,"href":"https:\/\/zonaroja.com.mx\/index.php?rest_route=\/wp\/v2\/posts\/71480\/revisions"}],"predecessor-version":[{"id":71482,"href":"https:\/\/zonaroja.com.mx\/index.php?rest_route=\/wp\/v2\/posts\/71480\/revisions\/71482"}],"wp:featuredmedia":[{"embeddable":true,"href":"https:\/\/zonaroja.com.mx\/index.php?rest_route=\/wp\/v2\/media\/71481"}],"wp:attachment":[{"href":"https:\/\/zonaroja.com.mx\/index.php?rest_route=%2Fwp%2Fv2%2Fmedia&parent=71480"}],"wp:term":[{"taxonomy":"category","embeddable":true,"href":"https:\/\/zonaroja.com.mx\/index.php?rest_route=%2Fwp%2Fv2%2Fcategories&post=71480"},{"taxonomy":"post_tag","embeddable":true,"href":"https:\/\/zonaroja.com.mx\/index.php?rest_route=%2Fwp%2Fv2%2Ftags&post=71480"}],"curies":[{"name":"wp","href":"https:\/\/api.w.org\/{rel}","templated":true}]}}