{"id":71486,"date":"2024-08-17T21:12:45","date_gmt":"2024-08-18T03:12:45","guid":{"rendered":"https:\/\/zonaroja.com.mx\/?p=71486"},"modified":"2024-08-17T21:12:47","modified_gmt":"2024-08-18T03:12:47","slug":"marchan-miles-en-varias-ciudades-del-mundo-contra-nicolas-maduro","status":"publish","type":"post","link":"https:\/\/zonaroja.com.mx\/?p=71486","title":{"rendered":"Marchan miles en varias ciudades del mundo contra Nicol\u00e1s Maduro"},"content":{"rendered":"\n<p>Redacci\u00f3n\/Zona Roja Cdmx.<\/p>\n\n\n\n<p>Ciudad de M\u00e9xico, a 17 de julio de 2024.- Miles de venezolanos realizaron manifestaciones este s\u00e1bado en las principales capitales y ciudades del mundo como muestra de fuerza y unidad contra el \u201cfraude\u201d que dicen cometi\u00f3 el Gobierno de Nicol\u00e1s Maduro en las elecciones presidenciales del 28 de julio y reclamar al opositor Edmundo Gonz\u00e1lez Urrutia como presidente electo y vencedor de esos comicios.<\/p>\n\n\n\n<p>En Caracas, epicentro de la convocatoria mundial de la mayor alianza opositora de Venezuela, la Plataforma de Unidad Democr\u00e1tica (Pud) para reclamar la verdad de la victoria en las elecciones presidenciales del 28 de julio y para expresar su disidencia hacia Nicol\u00e1s Maduro, la gran sorpresa fue la reaparici\u00f3n de la l\u00edder opositora Mar\u00eda Corina Machado ante miles de sus seguidores.<\/p>\n\n\n\n<p>Machado, tras dos semanas en las que se mantuvo bajo resguardo, al temer por su \u201clibertad y su vida\u201d, se present\u00f3 este s\u00e1bado nuevamente en el ya popular cami\u00f3n de campa\u00f1a, aclamada por miles de manifestantes que atendieron a su llamado a continuar la protesta pac\u00edfica, acompa\u00f1ada de varios opositores, como Delsa Sol\u00f3rzano, Biagio Pilieri o C\u00e9sar P\u00e9rez Vivas, entre otros.<\/p>\n\n\n\n<p>La l\u00edder opositora de Venezuela Mar\u00eda Corina Machado dijo este s\u00e1bado que \u201cla gesta c\u00edvica m\u00e1s grande la historia\u201d del pa\u00eds la hizo el antichavismo a trav\u00e9s del abanderado de Gonz\u00e1lez Urrutia, quien -dijo- \u201carras\u00f3\u201d en las presidenciales.<\/p>\n\n\n\n<p>\u201cCreyeron que, a punta de persecuci\u00f3n contra nuestros testigos, no \u00edbamos a conseguir nuestras actas y en 24 horas ten\u00edamos las actas digitalizadas\u201d, expres\u00f3 Machado, ante miles de opositores que se movilizaron en defensa de \u201cla verdad\u201d.<\/p>\n\n\n\n<p>EN EUROPA<\/p>\n\n\n\n<p>La manifestaci\u00f3n m\u00e1s multitudinaria fuera de las fronteras venezolanas se produjo en Madrid, con casi 15 mil personas que llenaron la ic\u00f3nica Puerta del Sol al grito de \u201cLibertad\u201d y \u201cFuera Maduro\u201d.<\/p>\n\n\n\n<p>A esa manifestaci\u00f3n acudieron l\u00edderes venezolanos en el exilio como Leopoldo L\u00f3pez o el exalcalde de Caracas Antonio Ledezma, que en declaraciones a Efe se felicit\u00f3 por el apoyo internacional a \u201cla batalla \u00e9pica\u201d que los venezolanos est\u00e1n realizando contra el Gobierno de Maduro.<\/p>\n\n\n\n<p>La de Madrid fue una de la treintena de ciudades espa\u00f1olas que se unieron al llamado mundial de protest a convocada por la mayor alianza opositora de Venezuela, la Plataforma de Unidad Democr\u00e1tica (Pud), para reclamar la verdad de la victoria en las elecciones presidenciales del 28 de julio y para expresar su disidencia hacia Nicol\u00e1s Maduro.<\/p>\n\n\n\n<p>En otras capitales europeas, como Roma, Londres o Bruselas, centenares de venezolanos tambi\u00e9n salieron a las calles contra el \u201cfraude\u201d de Maduro.<\/p>\n\n\n\n<p>En la capital brit\u00e1nica, entre 450 y 600 venezolanos se manifestaron de forma pac\u00edfica mostrando copias de las actas electorales que dar\u00edan la victoria al candidato opositor.<\/p>\n\n\n\n<p>Varios cientos de venezolanos se concentraron en la plaza de la Bastilla de Par\u00eds bajo una lluvia persistente, y se hab\u00edan organizado tambi\u00e9n otras manifestaciones en otra decena de ciudades de Francia, como Lyon, Marsella, Lille, Burdeos, Bayona, La Rochelle o Le Havre.<\/p>\n\n\n\n<p>En Bruselas fueron unas 250 personas las que se reunieron en el centro de la capital europea, cifra parecida a la de venezolanos que se encontraron en los Foros Imperiales romanos al grito de \u201clibertad\u201d y con consignas contra Maduro.<\/p>\n\n\n\n<p>EN COLOMBIA<\/p>\n\n\n\n<p>En Colombia, pa\u00eds que m\u00e1s venezolanos acoge, cientos de personas se reunieron en las plazas de las principales ciudades al grito de \u201cEdmundo presidente\u201d y pancartas de \u201cVenezuela libre\u201d o \u201cFuera el dictador Maduro\u201d, en unas concentraciones que aunaron colombianos y venezolanos con la esperanza de volver a su pa\u00eds.<\/p>\n\n\n\n<p>Tambi\u00e9n hubo concentraci\u00f3n de venezolanos en las ant\u00edpodas. Decenas de venezolanos se manifestaron en la ciudad australiana de S\u00eddney para reivindicar la victoria de Gonz\u00e1lez Urrutia con pancartas en las que se le\u00eda \u201cVenezuela te quiero libre\u201d o \u201cSoberan\u00eda, transici\u00f3n pac\u00edfica a la democracia: \u00a1Viva Venezuela libre, gloria al bravo pueblo\u201d.<\/p>\n\n\n\n<p>(Con informaci\u00f3n de EFE, en L\u00f3pez-D\u00f3riga Digital)<\/p>\n","protected":false},"excerpt":{"rendered":"<p>Redacci\u00f3n\/Zona Roja Cdmx. Ciudad de M\u00e9xico, a 17 de julio de 2024.- Miles de venezolanos&hellip;<\/p>\n","protected":false},"author":2,"featured_media":71487,"comment_status":"closed","ping_status":"open","sticky":false,"template":"","format":"standard","meta":{"_lmt_disableupdate":"","_lmt_disable":"","_jetpack_memberships_contains_paid_content":false,"footnotes":""},"categories":[109,47],"tags":[4015],"class_list":["post-71486","post","type-post","status-publish","format-standard","has-post-thumbnail","hentry","category-minuto-a-minuto","category-zona-gris","tag-venezuela"],"jetpack_featured_media_url":"https:\/\/zonaroja.com.mx\/wp-content\/uploads\/2024\/08\/Marcha-Venezuela.jpeg","jetpack_sharing_enabled":true,"_links":{"self":[{"href":"https:\/\/zonaroja.com.mx\/index.php?rest_route=\/wp\/v2\/posts\/71486","targetHints":{"allow":["GET"]}}],"collection":[{"href":"https:\/\/zonaroja.com.mx\/index.php?rest_route=\/wp\/v2\/posts"}],"about":[{"href":"https:\/\/zonaroja.com.mx\/index.php?rest_route=\/wp\/v2\/types\/post"}],"author":[{"embeddable":true,"href":"https:\/\/zonaroja.com.mx\/index.php?rest_route=\/wp\/v2\/users\/2"}],"replies":[{"embeddable":true,"href":"https:\/\/zonaroja.com.mx\/index.php?rest_route=%2Fwp%2Fv2%2Fcomments&post=71486"}],"version-history":[{"count":1,"href":"https:\/\/zonaroja.com.mx\/index.php?rest_route=\/wp\/v2\/posts\/71486\/revisions"}],"predecessor-version":[{"id":71488,"href":"https:\/\/zonaroja.com.mx\/index.php?rest_route=\/wp\/v2\/posts\/71486\/revisions\/71488"}],"wp:featuredmedia":[{"embeddable":true,"href":"https:\/\/zonaroja.com.mx\/index.php?rest_route=\/wp\/v2\/media\/71487"}],"wp:attachment":[{"href":"https:\/\/zonaroja.com.mx\/index.php?rest_route=%2Fwp%2Fv2%2Fmedia&parent=71486"}],"wp:term":[{"taxonomy":"category","embeddable":true,"href":"https:\/\/zonaroja.com.mx\/index.php?rest_route=%2Fwp%2Fv2%2Fcategories&post=71486"},{"taxonomy":"post_tag","embeddable":true,"href":"https:\/\/zonaroja.com.mx\/index.php?rest_route=%2Fwp%2Fv2%2Ftags&post=71486"}],"curies":[{"name":"wp","href":"https:\/\/api.w.org\/{rel}","templated":true}]}}