{"id":71496,"date":"2024-08-18T09:33:00","date_gmt":"2024-08-18T15:33:00","guid":{"rendered":"https:\/\/zonaroja.com.mx\/?p=71496"},"modified":"2024-08-18T06:47:06","modified_gmt":"2024-08-18T12:47:06","slug":"encarcelan-a-mujer-en-pueblo-de-oaxaca-por-simpatizar-con-evangelicos","status":"publish","type":"post","link":"https:\/\/zonaroja.com.mx\/?p=71496","title":{"rendered":"Encarcelan a mujer en pueblo de Oaxaca por simpatizar con evang\u00e9licos"},"content":{"rendered":"\n<p>Raymundo Morales\/Zona Roja.<\/p>\n\n\n\n<p>Oaxaca de Ju\u00e1rez, Oax., a 18 de agosto de 2024.- Una mujer fue encarcelada por varias horas en la localidad de Cerro Caj\u00f3n, en la regi\u00f3n Cuenca del estado de Oaxaca, por simpatizar con cristianos evang\u00e9licos que han sufrido de intolerancia religiosa.<\/p>\n\n\n\n<p>La situaci\u00f3n ocurri\u00f3 ayer s\u00e1bado en dicho pueblo perteneciente a la agencia de San Isidro Arenal, del municipio de San Juan Lalana, donde la se\u00f1ora Lucia A. fue detenida y encerrada en una celda local.<\/p>\n\n\n\n<p>Lo anterior ocurri\u00f3 debido a que las autoridades la acusan de no estar de acuerdo con los actos en contra de la comunidad evang\u00e9lica, que ha sido reprimida en las \u00faltimas semanas y a la que incluso le quemaron un templo.<\/p>\n\n\n\n<p>Incluso a Luc\u00eda A. le dieron de plazo ocho d\u00edas para abandonar la comunidad, de lo contrario le aplicar\u00e1n otras sanciones m\u00e1s severas.<\/p>\n\n\n\n<p>Amparados en una mala interpretaci\u00f3n de los sistemas normativos internos, algunas comunidades utilizan los usos y costumbres para atentar contra todos aquellos que no est\u00e9n de acuerdo con sus equivocadas y extremas medidas para preservar tradiciones que ni siquiera exist\u00edan cuando los pueblos originarios habitaban el M\u00e9xico precolonial.&nbsp;<\/p>\n\n\n\n<p>La se\u00f1ora Luc\u00eda no es miembro de la iglesia cristiana del lugar, pero no ha estado de acuerdo con el proceder de sus paisanos y por esa raz\u00f3n fue encarcelada veinticuatro horas y luego de liberarla le dieron ocho d\u00edas para salir de la comunidad sin explicarle la raz\u00f3n o motivo de su determinaci\u00f3n.<\/p>\n\n\n\n<p>De acuerdo con el Gobierno del Estado, ha habido varias mesas de trabajo para conciliar las diferencias; no obstante, no hay avances al respecto.<\/p>\n\n\n\n<p>En tanto que la Defensor\u00eda de los Derechos Humanos del Pueblo de Oaxaca no ha emitido ning\u00fan pronunciamiento respecto a los casos de intolerancia religiosa.<\/p>\n\n\n\n<p>El pasado mi\u00e9rcoles en la sesi\u00f3n ordinaria, el pleno de Congreso del Estado exhort\u00f3 a los municipios y a la Defensor\u00eda a actuar en el marco de la ley y evitar agresiones por profesar una religi\u00f3n distinta a la cat\u00f3lica.<\/p>\n\n\n\n<p>Mientras que a trav\u00e9s de un video, un grupo de cristianos evang\u00e9licos reprob\u00f3 los actos de persecuci\u00f3n pero indic\u00f3 que continuar\u00e1n rogando a Dios por sus autoridades para que se acaben estas situaciones.<\/p>\n\n\n\n<p>\u201cM\u00e1s all\u00e1 de desanimarnos, esto nos agrega porque sabemos que Dios tiene el control de todas las cosas; tarde o temprano esto va a pasar, ning\u00fan mal es para siempre\u00bb, dijo uno de los pastores, al agradecer el respaldo de la sociedad y de la comunidad evang\u00e9lica.<\/p>\n","protected":false},"excerpt":{"rendered":"<p>Raymundo Morales\/Zona Roja. Oaxaca de Ju\u00e1rez, Oax., a 18 de agosto de 2024.- Una mujer&hellip;<\/p>\n","protected":false},"author":2,"featured_media":71497,"comment_status":"closed","ping_status":"open","sticky":false,"template":"","format":"standard","meta":{"_lmt_disableupdate":"","_lmt_disable":"","_jetpack_memberships_contains_paid_content":false,"footnotes":""},"categories":[109,46],"tags":[1372,1083],"class_list":["post-71496","post","type-post","status-publish","format-standard","has-post-thumbnail","hentry","category-minuto-a-minuto","category-zona-blanca","tag-intolerancia-religiosa-oaxaca","tag-san-juan-lalana"],"jetpack_featured_media_url":"https:\/\/zonaroja.com.mx\/wp-content\/uploads\/2024\/08\/violencia-cristianos-evangelicos-Lalana.jpg","jetpack_sharing_enabled":true,"_links":{"self":[{"href":"https:\/\/zonaroja.com.mx\/index.php?rest_route=\/wp\/v2\/posts\/71496","targetHints":{"allow":["GET"]}}],"collection":[{"href":"https:\/\/zonaroja.com.mx\/index.php?rest_route=\/wp\/v2\/posts"}],"about":[{"href":"https:\/\/zonaroja.com.mx\/index.php?rest_route=\/wp\/v2\/types\/post"}],"author":[{"embeddable":true,"href":"https:\/\/zonaroja.com.mx\/index.php?rest_route=\/wp\/v2\/users\/2"}],"replies":[{"embeddable":true,"href":"https:\/\/zonaroja.com.mx\/index.php?rest_route=%2Fwp%2Fv2%2Fcomments&post=71496"}],"version-history":[{"count":1,"href":"https:\/\/zonaroja.com.mx\/index.php?rest_route=\/wp\/v2\/posts\/71496\/revisions"}],"predecessor-version":[{"id":71498,"href":"https:\/\/zonaroja.com.mx\/index.php?rest_route=\/wp\/v2\/posts\/71496\/revisions\/71498"}],"wp:featuredmedia":[{"embeddable":true,"href":"https:\/\/zonaroja.com.mx\/index.php?rest_route=\/wp\/v2\/media\/71497"}],"wp:attachment":[{"href":"https:\/\/zonaroja.com.mx\/index.php?rest_route=%2Fwp%2Fv2%2Fmedia&parent=71496"}],"wp:term":[{"taxonomy":"category","embeddable":true,"href":"https:\/\/zonaroja.com.mx\/index.php?rest_route=%2Fwp%2Fv2%2Fcategories&post=71496"},{"taxonomy":"post_tag","embeddable":true,"href":"https:\/\/zonaroja.com.mx\/index.php?rest_route=%2Fwp%2Fv2%2Ftags&post=71496"}],"curies":[{"name":"wp","href":"https:\/\/api.w.org\/{rel}","templated":true}]}}