{"id":71512,"date":"2024-08-18T17:30:00","date_gmt":"2024-08-18T23:30:00","guid":{"rendered":"https:\/\/zonaroja.com.mx\/?p=71512"},"modified":"2024-08-18T07:31:47","modified_gmt":"2024-08-18T13:31:47","slug":"opinion-jose-gabriel-ramirez-montano-guillotino-la-justicia-oaxaquena","status":"publish","type":"post","link":"https:\/\/zonaroja.com.mx\/?p=71512","title":{"rendered":"Opini\u00f3n. Jos\u00e9 Gabriel Ram\u00edrez Monta\u00f1o guillotin\u00f3 la justicia oaxaque\u00f1a"},"content":{"rendered":"\n<p>Soledad Jarqu\u00edn \u00c9dgar*\/SemM\u00e9xico<\/p>\n\n\n\n<p>Nada justifica la violencia contra las mujeres, por tanto, nada justifica la impunidad.&nbsp;<\/p>\n\n\n\n<p>Lo sucedido este martes en la audiencia de juicio contra el empresario gasolinero y ex legislador priista Juan Antonio Vera Carrizal, quien fue exculpado por el juez Jos\u00e9 Gabriel Ram\u00edrez Monta\u00f1o, como autor intelectual de la agresi\u00f3n con \u00e1cido sulf\u00farico contra Mar\u00eda Elena R\u00edos Ortiz, da\u00f1ando el 90 por ciento de su cuerpo, es una muestra m\u00e1s de c\u00f3mo en M\u00e9xico se tuerce la justicia y el colof\u00f3n fue el oficio de una jueza de la regi\u00f3n de la mixteca que \u201cordena\u201d dejar sin efecto la boleta de libertad concedida poco m\u00e1s de ocho horas antes.&nbsp;<\/p>\n\n\n\n<p>A las huellas de la violencia que han quedado tatuadas en el cuerpo y la cara de Mar\u00eda Elena R\u00edos Ortiz, al dolor que vivi\u00f3 durante meses por las quemaduras, sometimiento a cirug\u00edas y otros tratamientos, se suma el dolor profundo que provoca la impunidad, uno que no se siente en el cuerpo, sino en el alma, uno que solo las v\u00edctimas cuyos victimarios se quedan sin castigo padecen, porque quien ha fallado es el Estado mexicano, quien dej\u00f3 sola a Mar\u00eda Elena fue ese complejo sistema burocr\u00e1tico que respondi\u00f3 a intereses distintos.&nbsp;<\/p>\n\n\n\n<p>Por eso carecen de sentido las lamentaciones del gobernador en turno de Oaxaca, Salom\u00f3n Jara Cruz y del fiscal de Oaxaca, Bernardo Rodr\u00edguez Alamilla, e incluso de legisladoras como Mariana Ben\u00edtez, hoy de lado de las v\u00edctimas porque ya \u201ccambi\u00f3\u201d de bando pol\u00edtico, tras la decisi\u00f3n del juez Jos\u00e9 Gabriel Ram\u00edrez Monta\u00f1o. El tr\u00edo del gober, el fiscal y la diputada no hicieron en su momento lo que debieron. Son responsables de hacer que se cumpla con la ley. Ahora, como se anunci\u00f3 anoche, deben investigar al juez y sus redes de familia, amistades y de trabajo para saber qu\u00e9 sucedi\u00f3, si existe o no raz\u00f3n de la absoluci\u00f3n a los antes inculpados, Vera y otros dos personajes, y si tenemos o no raz\u00f3n en dudar. Se necesita claridad plena. En contraparte la defensa de Vera, se\u00f1alado entre los victimarios, dice, que el abogado se apeg\u00f3 a derecho.&nbsp;&nbsp;<\/p>\n\n\n\n<p>Sin embargo, al transcurrir el d\u00eda de ayer, tras la liberaci\u00f3n escandalosa de Vera y otros implicados, se puso en duda el actuar del juez Ram\u00edrez Monta\u00f1o, quien, junto con otros personajes del Tribunal Superior de Justicia de Oaxaca, incluida su presidenta, Berenice Ram\u00edrez Jim\u00e9nez, accionaron -para benepl\u00e1cito del presidente AMLO- el resorte y la cuchilla que ha ca\u00eddo, no sobre Mar\u00eda Elena, sino sobre el sistema de justicia de Oaxaca que ya estaba con la cabeza aprisionada en la guillotina para recibir el certero golpe y sea justificable la reforma -urgente y apresurada- del poder judicial.&nbsp;<\/p>\n\n\n\n<p>Hoy, se puede ver con claridad. Se vislumbra otro vericueto para la v\u00edctima. La acci\u00f3n que oper\u00f3 el Estado al retener a Vera y compinches en prisi\u00f3n, lo pone seg\u00fan sus abogados como un \u201cpreso pol\u00edtico\u201d, en cambio se sigue victimizando y criminalizando a la v\u00edctima real, la que tiene cicatrices en el cuerpo y en el alma, me refiero a Mar\u00eda Elena.&nbsp;&nbsp;<\/p>\n\n\n\n<p>Se viol\u00f3, me han dicho varias abogadas, por cierto, no se atrevieron a decirlo los abogados del inculpado en una conferencia de prensa esta ma\u00f1ana, Edgar L\u00f3pez Le\u00f3n y Ernesto Amaury Pacheco Cayetano, se viol\u00f3 el debido proceso, lo que pone en riesgo a la v\u00edctima que se queda sin posibilidad de acceder a la justicia. Una m\u00e1s del entramado de in-justicias de Oaxaca en la que confluyen fiscal\u00edas y el aparato de los tribunales.&nbsp;<\/p>\n\n\n\n<p>S\u00ed, es necesario reformar el sistema judicial, pero sin prisa, con calma, con sapiencia, con esp\u00edritu real de justicia, un clamor que precisamente \u201cel reformador\u201d Andr\u00e9s Manuel L\u00f3pez Obrador no escuch\u00f3 de las familias de personas desaparecidas, de madres de v\u00edctimas de feminicidio, de las familias de los j\u00f3venes estudiantes de Ayotzinapa, ni tampoco de Mar\u00eda Elena R\u00edos Ortiz que, por cierto, \u00a1no est\u00e1 sola!<\/p>\n\n\n\n<p>*Periodista y activista feminista.<\/p>\n","protected":false},"excerpt":{"rendered":"<p>Soledad Jarqu\u00edn \u00c9dgar*\/SemM\u00e9xico Nada justifica la violencia contra las mujeres, por tanto, nada justifica la&hellip;<\/p>\n","protected":false},"author":2,"featured_media":68029,"comment_status":"closed","ping_status":"open","sticky":false,"template":"","format":"standard","meta":{"_lmt_disableupdate":"","_lmt_disable":"","_jetpack_memberships_contains_paid_content":false,"footnotes":""},"categories":[456,109],"tags":[90],"class_list":["post-71512","post","type-post","status-publish","format-standard","has-post-thumbnail","hentry","category-columna","category-minuto-a-minuto","tag-soledad-jarquin"],"jetpack_featured_media_url":"https:\/\/zonaroja.com.mx\/wp-content\/uploads\/2024\/05\/Soledad-Jarquin-Edgar.jpg","jetpack_sharing_enabled":true,"_links":{"self":[{"href":"https:\/\/zonaroja.com.mx\/index.php?rest_route=\/wp\/v2\/posts\/71512","targetHints":{"allow":["GET"]}}],"collection":[{"href":"https:\/\/zonaroja.com.mx\/index.php?rest_route=\/wp\/v2\/posts"}],"about":[{"href":"https:\/\/zonaroja.com.mx\/index.php?rest_route=\/wp\/v2\/types\/post"}],"author":[{"embeddable":true,"href":"https:\/\/zonaroja.com.mx\/index.php?rest_route=\/wp\/v2\/users\/2"}],"replies":[{"embeddable":true,"href":"https:\/\/zonaroja.com.mx\/index.php?rest_route=%2Fwp%2Fv2%2Fcomments&post=71512"}],"version-history":[{"count":1,"href":"https:\/\/zonaroja.com.mx\/index.php?rest_route=\/wp\/v2\/posts\/71512\/revisions"}],"predecessor-version":[{"id":71513,"href":"https:\/\/zonaroja.com.mx\/index.php?rest_route=\/wp\/v2\/posts\/71512\/revisions\/71513"}],"wp:featuredmedia":[{"embeddable":true,"href":"https:\/\/zonaroja.com.mx\/index.php?rest_route=\/wp\/v2\/media\/68029"}],"wp:attachment":[{"href":"https:\/\/zonaroja.com.mx\/index.php?rest_route=%2Fwp%2Fv2%2Fmedia&parent=71512"}],"wp:term":[{"taxonomy":"category","embeddable":true,"href":"https:\/\/zonaroja.com.mx\/index.php?rest_route=%2Fwp%2Fv2%2Fcategories&post=71512"},{"taxonomy":"post_tag","embeddable":true,"href":"https:\/\/zonaroja.com.mx\/index.php?rest_route=%2Fwp%2Fv2%2Ftags&post=71512"}],"curies":[{"name":"wp","href":"https:\/\/api.w.org\/{rel}","templated":true}]}}