{"id":71526,"date":"2024-08-19T10:55:00","date_gmt":"2024-08-19T16:55:00","guid":{"rendered":"https:\/\/zonaroja.com.mx\/?p=71526"},"modified":"2024-08-19T06:56:54","modified_gmt":"2024-08-19T12:56:54","slug":"periodistas-denuncian-incremento-de-represion-en-venezuela","status":"publish","type":"post","link":"https:\/\/zonaroja.com.mx\/?p=71526","title":{"rendered":"Periodistas denuncian incremento de represi\u00f3n en Venezuela"},"content":{"rendered":"\n<p>Redacci\u00f3n\/Zona Roja Cdmx.<\/p>\n\n\n\n<p>Ciudad de M\u00e9xico, a 19 de agosto de 2024.- El Colegio Nacional de Periodistas (CNP) de Venezuela denunci\u00f3 un aumento de la \u201crepresi\u00f3n\u201d contra los medios de comunicaci\u00f3n y trabajadores de la prensa en la naci\u00f3n caribe\u00f1a tras los comicios presidenciales del 28 de julio, en los que las autoridades electorales proclamaron la victoria de Nicol\u00e1s Maduro.<\/p>\n\n\n\n<p>\u201cCon gran alarma, la junta directiva nacional del Colegio Nacional de Periodistas eleva su voz de protesta ante la creciente represi\u00f3n hacia los medios y hacia nuestros colegas que se ha generado a partir del 29 de julio\u201d, se\u00f1al\u00f3 en un comunicado publicado en X.<\/p>\n\n\n\n<p>El CNP sostuvo que en las \u00faltimas semanas se ha desatado una \u201cescalada brutal y sistem\u00e1tica represi\u00f3n\u201d contra los periodistas, reporteros gr\u00e1ficos y fot\u00f3grafos, as\u00ed como contra todo ciudadano que \u201cse atreva a disentir de la narrativa oficial en cuanto a los resultados de las elecciones\u201d.<\/p>\n\n\n\n<p>\u201cDesde las protestas postelectorales se han producido 88 casos de violaciones a la libertad de expresi\u00f3n, que van desde detenciones de ciudadanos, periodistas, trabajadores de los medios, expulsi\u00f3n de periodistas y bloqueo de medios acentuando a\u00fan m\u00e1s la censura en los medios de comunicaci\u00f3n\u201c, a\u00f1adi\u00f3.<\/p>\n\n\n\n<p>El pasado 7 de agosto, el Sindicato Nacional de Trabajadores de la Prensa (SNTP) inform\u00f3 que cuatro periodistas fueron imputados en Venezuela por el delito de \u201cterrorismo\u201d tras ser detenidos durante las protestas contra el resultado oficial de los comicios presidenciales.<\/p>\n\n\n\n<p>A trav\u00e9s de X, la gremial alert\u00f3 de un \u201cuso ilegal y arbitrario de las leyes antiterrorismo (\u2026), especialmente contra los periodistas y reporteros gr\u00e1ficos detenidos durante las protestas postelectorales\u201d.<\/p>\n\n\n\n<p>La Sociedad Interamericana de Prensa (SIP) rechaz\u00f3 el pasado 14 de agosto la imputaci\u00f3n de este delito y conden\u00f3 el aumento de las detenciones arbitrarias, censura y bloqueos contra la prensa en la naci\u00f3n caribe\u00f1a.<\/p>\n\n\n\n<p>Seg\u00fan el Ejecutivo venezolano, m\u00e1s de 2 mil 400 personas han sido detenidas en el contexto de las protestas desatadas tras las elecciones del pasado 28 de julio, en las que, seg\u00fan la Fiscal\u00eda, se registraron 25 muertes.<\/p>\n\n\n\n<p>Con informaci\u00f3n de EFE, en L\u00f3pez-D\u00f3riga Digital)<\/p>\n","protected":false},"excerpt":{"rendered":"<p>Redacci\u00f3n\/Zona Roja Cdmx. Ciudad de M\u00e9xico, a 19 de agosto de 2024.- El Colegio Nacional&hellip;<\/p>\n","protected":false},"author":2,"featured_media":69010,"comment_status":"closed","ping_status":"open","sticky":false,"template":"","format":"standard","meta":{"_lmt_disableupdate":"","_lmt_disable":"","_jetpack_memberships_contains_paid_content":false,"footnotes":""},"categories":[109,47],"tags":[4010,4015],"class_list":["post-71526","post","type-post","status-publish","format-standard","has-post-thumbnail","hentry","category-minuto-a-minuto","category-zona-gris","tag-nicolas-maduro","tag-venezuela"],"jetpack_featured_media_url":"https:\/\/zonaroja.com.mx\/wp-content\/uploads\/2024\/06\/Prensa-libertad-de-expresion.jpg","jetpack_sharing_enabled":true,"_links":{"self":[{"href":"https:\/\/zonaroja.com.mx\/index.php?rest_route=\/wp\/v2\/posts\/71526","targetHints":{"allow":["GET"]}}],"collection":[{"href":"https:\/\/zonaroja.com.mx\/index.php?rest_route=\/wp\/v2\/posts"}],"about":[{"href":"https:\/\/zonaroja.com.mx\/index.php?rest_route=\/wp\/v2\/types\/post"}],"author":[{"embeddable":true,"href":"https:\/\/zonaroja.com.mx\/index.php?rest_route=\/wp\/v2\/users\/2"}],"replies":[{"embeddable":true,"href":"https:\/\/zonaroja.com.mx\/index.php?rest_route=%2Fwp%2Fv2%2Fcomments&post=71526"}],"version-history":[{"count":1,"href":"https:\/\/zonaroja.com.mx\/index.php?rest_route=\/wp\/v2\/posts\/71526\/revisions"}],"predecessor-version":[{"id":71527,"href":"https:\/\/zonaroja.com.mx\/index.php?rest_route=\/wp\/v2\/posts\/71526\/revisions\/71527"}],"wp:featuredmedia":[{"embeddable":true,"href":"https:\/\/zonaroja.com.mx\/index.php?rest_route=\/wp\/v2\/media\/69010"}],"wp:attachment":[{"href":"https:\/\/zonaroja.com.mx\/index.php?rest_route=%2Fwp%2Fv2%2Fmedia&parent=71526"}],"wp:term":[{"taxonomy":"category","embeddable":true,"href":"https:\/\/zonaroja.com.mx\/index.php?rest_route=%2Fwp%2Fv2%2Fcategories&post=71526"},{"taxonomy":"post_tag","embeddable":true,"href":"https:\/\/zonaroja.com.mx\/index.php?rest_route=%2Fwp%2Fv2%2Ftags&post=71526"}],"curies":[{"name":"wp","href":"https:\/\/api.w.org\/{rel}","templated":true}]}}