{"id":71528,"date":"2024-08-19T07:52:56","date_gmt":"2024-08-19T13:52:56","guid":{"rendered":"https:\/\/zonaroja.com.mx\/?p=71528"},"modified":"2024-08-19T07:52:58","modified_gmt":"2024-08-19T13:52:58","slug":"opinion-la-uabjo-entre-polemicas-y-abandono-de-la-academia","status":"publish","type":"post","link":"https:\/\/zonaroja.com.mx\/?p=71528","title":{"rendered":"Opini\u00f3n. La UABJO, entre pol\u00e9micas y abandono de la academia"},"content":{"rendered":"\n<p>Ismael Garc\u00eda M.\/Zona Roja.<\/p>\n\n\n\n<p>Oaxaca, Oax., a 19 de junio de 2024.- La reciente crisis en la Universidad de Sinaloa, que ha llegado a los cr\u00edmenes, debiera ser el espejo para que la UABJO frene sus arbitrariedades y la cauda de pol\u00e9micas.<\/p>\n\n\n\n<p>Mejor dicho: el rector Cristian \u00c9der Carre\u00f1o deber\u00eda considerar que el poder no es eterno y que los negocios financieros no son el fin principal fin de la Universidad, sino la educaci\u00f3n.<\/p>\n\n\n\n<p>Porque quien ha utilizado el Consejo Universitario para sus fines personales, sin tomar en cuenta a la comunidad acad\u00e9mica, educativa y administrativa en general, ha tomado como suya la instituci\u00f3n y literalmente ha hecho y deshecho a su antojo.<\/p>\n\n\n\n<p>Los m\u00e1s recientes esc\u00e1ndalos son la realizaci\u00f3n de un concierto del cantante Dani Flow en una de las instalaciones universitarias; la entrega de otro espacio a la Fundaci\u00f3n Harp, con total opacidad; la supuesta afinidad a Morena; su reelecci\u00f3n sin el consenso de las bases.<\/p>\n\n\n\n<p>Con todo ello, no est\u00e1 lejos que escenarios como Sinaloa o Colima o Hidalgo, ocurran en la Universidad Aut\u00f3noma \u201cBenito Ju\u00e1rez\u201d de Oaxaca, donde la pol\u00edtica rebas\u00f3 a la academia y se privilegiaron los negocios y las componendas, lo que ha generado en conflictos que han llegado a los asesinatos.<\/p>\n\n\n\n<p>ALGUNOS EJEMPLOS<\/p>\n\n\n\n<p>Como ocurri\u00f3 en las recientes semanas como el caso de Rub\u00e9n Rocha Moya, ahora gobernador de Sinaloa, y H\u00e9ctor Melesio Cu\u00e9n, quien era diputado federal electo; ambos fueron rectores de la Universidad de Sinaloa y justamente ah\u00ed surgi\u00f3 el pleito que ahora tiene en vilo a M\u00e9xico y Estados Unidos.<\/p>\n\n\n\n<p>El secuestro\/entrega de \u201cEl Mayo\u201d Zambada y de Joaqu\u00edn L\u00f3pez Guzm\u00e1n, hijo de \u201cEl Chapo\u201d, incluy\u00f3 el asesinato de Cu\u00e9n y para lo cual el mandatario estatal ha montado un supuesto atentado para deslindarse del caso.<\/p>\n\n\n\n<p>Los antecedentes universitarios son amplios en esta disputa de origen universitario que se llev\u00f3 a los terrenos de la pol\u00edtica de los antiguos socios en la prestigiada instituci\u00f3n universitaria y ahora de los homicidios.<\/p>\n\n\n\n<p>\u00bfRecuerda el caso Colima? Era una instituci\u00f3n de prestigio incluso vanguardia en la incipiente industria del software, pero justamente hace una d\u00e9cada, estall\u00f3 un conflicto sindical con una huelga de hambre de 45 d\u00edas, por la exigencia de los trabajadores para esclarecer el destino del Fondo de Pensiones, justamente una de las graves problem\u00e1ticas de la universidad oaxaque\u00f1a.<\/p>\n\n\n\n<p>O el caso de la Universidad Aut\u00f3noma de Hidalgo, donde los Sosa Castel\u00e1n, con Gerardo a la cabeza, impusieron un cacicazgo que deriv\u00f3 tambi\u00e9n en asesinatos, ligas con el crimen organizado, lavado de dinero, entre otros.&nbsp;<\/p>\n\n\n\n<p>El entonces rector fue a prisi\u00f3n acusado de lavado de dinero; se afili\u00f3 a Morena y hoy est\u00e1 libre de culpas.<\/p>\n\n\n\n<p>Ejemplos hay muchos en el pa\u00eds, en que cotidianamente la Universidad debiera estar tomando ejemplo, pero\u2026<\/p>\n\n\n\n<p>NEGOCIOS Y NEGOCIOS<\/p>\n\n\n\n<p>Sin perfil acad\u00e9mico para rescatar a la m\u00e1xima casa de estudios de Oaxaca, Cristian \u00c9der Carre\u00f1o lleg\u00f3 a la Universidad tras un golpe de un grupo pol\u00edtico, cuasi eterno, el que encabeza Abraham Mart\u00ednez Alav\u00e9s.<\/p>\n\n\n\n<p>A este patriarca no le import\u00f3 encarcelar a su hijo Eduardo, por supuestos fraudes en la instituci\u00f3n, con tal de imponer, sin asambleas ni votaci\u00f3n, a quien hoy ya rebas\u00f3 el periodo de dos a\u00f1os por el cual fue electo.<\/p>\n\n\n\n<p>En aquel entonces fue con todo el apoyo del a\u00fan priista Alejandro Murat Hinojosa, con respaldo de todo el aparato del Estado y hasta de los \u201cporros\u201d, controlados por Jos\u00e9 Manuel Vera Salinas.<\/p>\n\n\n\n<p>Pero apenas logr\u00f3 el cargo, de inmediato \u00c9der Carre\u00f1o reanud\u00f3 con sus negocios de facturaci\u00f3n, que ten\u00eda tiempo atr\u00e1s con diversas instituciones p\u00fablicas, como el Secretariado Ejecutivo de Seguridad, justamente que presid\u00eda Vera Salinas.<\/p>\n\n\n\n<p>Como en varios ayuntamientos, el caso de Zaachila, por lo cual tiene ahora al ex edil Raciel Vale como su jefe de prensa, pese a no conocer absolutamente nada del tema.<\/p>\n\n\n\n<p>Paulatinamente ha arrebatado cotos de poder a sus rivales pol\u00edticos, sin importarle los conflictos que causa, como ha sucedido en la Facultad de Bellas Artes y en la Escuela Preparatoria 7, por citar algunos ejemplos.<\/p>\n\n\n\n<p>Poco a poco se ha desligado tambi\u00e9n del PRI y mut\u00f3 a Morena, facilitando las instalaciones universitarias para toda clase de actos pol\u00edticos y de capacitaci\u00f3n partidista.<\/p>\n\n\n\n<p>Y sigui\u00f3 con los negocios: pact\u00f3 la entrega de otra instalaci\u00f3n universitaria, el anexo al parque de b\u00e9isbol \u201cEduardo Vasconcelos\u201d, a la Fundaci\u00f3n Alfredo Harp Hel\u00fa, bajo el argumento de que se ampliar\u00e1 el estadio.<\/p>\n\n\n\n<p>Ahora, presuntamente autoriz\u00f3 el campo de f\u00fatbol \u201cManuel Cabrera Carrasquedo\u201d para un concierto, de Dani Flow, el pr\u00f3ximo 31 de agosto y que ha generado una fuerte pol\u00e9mica.<\/p>\n\n\n\n<p>Ha disfrazado la comprobaci\u00f3n del presupuesto universitario bajo supuestas obras, como la colocaci\u00f3n de accesos controlados a Ciudad Universitaria, que desde el primer d\u00eda no funcionan pero cuyo gasto fue exorbitante.<\/p>\n\n\n\n<p>\u00bfHa escuchado en los \u00faltimos tres a\u00f1os de alguna obra relevante en la Universidad?; no la hay. \u00bfHa escuchado de alguna distinci\u00f3n acad\u00e9mica a alguno de los planteles de la UABJO? Tampoco.<\/p>\n\n\n\n<p>La pol\u00edtica y los negocios reinan en la otrora principal instituci\u00f3n universitaria de Oaxaca.<\/p>\n\n\n\n<p>Mientras tanto, el patriarca Mart\u00ednez Alav\u00e9s, ya prepara una nueva asonada universitaria, ahora para imponer a su hijo Abraham Mart\u00ednez Alav\u00e9s, ante el c\u00famulo de irregularidades y poder que acumula Cristian \u00c9der Carre\u00f1o.<\/p>\n","protected":false},"excerpt":{"rendered":"<p>Ismael Garc\u00eda M.\/Zona Roja. Oaxaca, Oax., a 19 de junio de 2024.- La reciente crisis&hellip;<\/p>\n","protected":false},"author":2,"featured_media":67764,"comment_status":"closed","ping_status":"open","sticky":false,"template":"","format":"standard","meta":{"_lmt_disableupdate":"","_lmt_disable":"","_jetpack_memberships_contains_paid_content":false,"footnotes":""},"categories":[456,109,47],"tags":[1353],"class_list":["post-71528","post","type-post","status-publish","format-standard","has-post-thumbnail","hentry","category-columna","category-minuto-a-minuto","category-zona-gris","tag-opinion-zona-critica"],"jetpack_featured_media_url":"https:\/\/zonaroja.com.mx\/wp-content\/uploads\/2024\/04\/Opinion-Zona-Roja-Ismael-Garcia.jpg","jetpack_sharing_enabled":true,"_links":{"self":[{"href":"https:\/\/zonaroja.com.mx\/index.php?rest_route=\/wp\/v2\/posts\/71528","targetHints":{"allow":["GET"]}}],"collection":[{"href":"https:\/\/zonaroja.com.mx\/index.php?rest_route=\/wp\/v2\/posts"}],"about":[{"href":"https:\/\/zonaroja.com.mx\/index.php?rest_route=\/wp\/v2\/types\/post"}],"author":[{"embeddable":true,"href":"https:\/\/zonaroja.com.mx\/index.php?rest_route=\/wp\/v2\/users\/2"}],"replies":[{"embeddable":true,"href":"https:\/\/zonaroja.com.mx\/index.php?rest_route=%2Fwp%2Fv2%2Fcomments&post=71528"}],"version-history":[{"count":1,"href":"https:\/\/zonaroja.com.mx\/index.php?rest_route=\/wp\/v2\/posts\/71528\/revisions"}],"predecessor-version":[{"id":71529,"href":"https:\/\/zonaroja.com.mx\/index.php?rest_route=\/wp\/v2\/posts\/71528\/revisions\/71529"}],"wp:featuredmedia":[{"embeddable":true,"href":"https:\/\/zonaroja.com.mx\/index.php?rest_route=\/wp\/v2\/media\/67764"}],"wp:attachment":[{"href":"https:\/\/zonaroja.com.mx\/index.php?rest_route=%2Fwp%2Fv2%2Fmedia&parent=71528"}],"wp:term":[{"taxonomy":"category","embeddable":true,"href":"https:\/\/zonaroja.com.mx\/index.php?rest_route=%2Fwp%2Fv2%2Fcategories&post=71528"},{"taxonomy":"post_tag","embeddable":true,"href":"https:\/\/zonaroja.com.mx\/index.php?rest_route=%2Fwp%2Fv2%2Ftags&post=71528"}],"curies":[{"name":"wp","href":"https:\/\/api.w.org\/{rel}","templated":true}]}}