{"id":71530,"date":"2024-08-19T07:15:00","date_gmt":"2024-08-19T13:15:00","guid":{"rendered":"https:\/\/zonaroja.com.mx\/?p=71530"},"modified":"2024-08-19T08:00:40","modified_gmt":"2024-08-19T14:00:40","slug":"sindicatos-del-poder-judicial-de-la-federacion-inician-paro-en-rechazo-a-reformas","status":"publish","type":"post","link":"https:\/\/zonaroja.com.mx\/?p=71530","title":{"rendered":"Sindicatos del Poder Judicial de la Federaci\u00f3n inician paro en rechazo a reformas"},"content":{"rendered":"\n<p>Redacci\u00f3n\/Zona Roja Cdmx.<\/p>\n\n\n\n<p>Ciudad de M\u00e9xico, a 19 de agosto de 2024.- Seis organizaciones que aglutinan trabajadores de base, secretarios de acuerdos y actuarios iniciaron la suspensi\u00f3n indefinida \u201clas labores en el Poder Judicial de la Federaci\u00f3n en toda la Rep\u00fablica mexicana hasta que nuestras peticiones sean escuchadas, tomadas en cuenta y se vean reflejadas en nuestra Constituci\u00f3n Pol\u00edtica\u201d.<\/p>\n\n\n\n<p>A partir del primer minuto de este lunes, decenas de trabajadores acompa\u00f1aron el cierre de instalaciones y la colocaci\u00f3n de cadenas y candados en el Palacio de Justicia Federal que se localiza en San L\u00e1zaro y en las instalaciones del Consejo de la Judicatura Federal en Toluca como arranque de un movimiento que, aseguraron, se extender\u00e1 en las pr\u00f3ximas horas al resto de las instalaciones de la justicia federal.<\/p>\n\n\n\n<p>Integrantes de las organizaciones denominadas Circuitos Unidos-Trabajadores del Poder Judicial de la Federaci\u00f3n; Movimiento de Trabajadores del Poder Judicial de la Federaci\u00f3n; Colegios de secretarios y actuarios de la Judicatura Federal, A.C; Justicia independiente; Frente Unido por la Independencia Judicial y Frente Judicial por la Democracia.<\/p>\n\n\n\n<p>A trav\u00e9s de un comunicado de prensa hicieron un \u201cllamado urgente al pueblo de M\u00e9xico, a las organizaciones civiles, a las barras de abogados, a todas las universidades, asociaciones de defensa de los derechos humanos, a la asociaci\u00f3n de madres buscadoras, sindicatos y colectivos, a sumarse en defensa de nuestro pa\u00eds, a la defensor\u00eda y asesor\u00eda p\u00fablicas gratuita\u201d.<\/p>\n\n\n\n<p>Se\u00f1alaron es urgente que sepan que la reforma propuesta por el Ejecutivo Federal pretende someter al Poder Judicial de la Federaci\u00f3n (PJF), indicaron que es \u201c\u00fanico contrapeso entre los poderes de la uni\u00f3n y garante de los derechos de todo el pueblo de M\u00e9xico contra los abusos y arbitrariedades de las autoridades\u201d.<\/p>\n\n\n\n<p>En ese contexto, afirmaron que \u201cconscientes de la necesidad de una reforma integral que beneficie a todos los ciudadanos, la base trabajadora conformada pro m\u00e1s de 55 mil personas hemos intentado por diversos medios agotar la v\u00eda del di\u00e1logo, para exponer las razones por las cuales la reforma judicial, en los t\u00e9rminos propuestos, es nociva.<\/p>\n\n\n\n<p>(Informaci\u00f3n de \u201cLa Jornada\u201d)<\/p>\n","protected":false},"excerpt":{"rendered":"<p>Redacci\u00f3n\/Zona Roja Cdmx. Ciudad de M\u00e9xico, a 19 de agosto de 2024.- Seis organizaciones que&hellip;<\/p>\n","protected":false},"author":2,"featured_media":71531,"comment_status":"closed","ping_status":"open","sticky":false,"template":"","format":"standard","meta":{"_lmt_disableupdate":"","_lmt_disable":"","_jetpack_memberships_contains_paid_content":false,"footnotes":""},"categories":[109,47],"tags":[3707],"class_list":["post-71530","post","type-post","status-publish","format-standard","has-post-thumbnail","hentry","category-minuto-a-minuto","category-zona-gris","tag-poder-judicial-de-la-federacion"],"jetpack_featured_media_url":"https:\/\/zonaroja.com.mx\/wp-content\/uploads\/2024\/08\/Paro-Poder-Judicial-de-la-Federacion.jpeg","jetpack_sharing_enabled":true,"_links":{"self":[{"href":"https:\/\/zonaroja.com.mx\/index.php?rest_route=\/wp\/v2\/posts\/71530","targetHints":{"allow":["GET"]}}],"collection":[{"href":"https:\/\/zonaroja.com.mx\/index.php?rest_route=\/wp\/v2\/posts"}],"about":[{"href":"https:\/\/zonaroja.com.mx\/index.php?rest_route=\/wp\/v2\/types\/post"}],"author":[{"embeddable":true,"href":"https:\/\/zonaroja.com.mx\/index.php?rest_route=\/wp\/v2\/users\/2"}],"replies":[{"embeddable":true,"href":"https:\/\/zonaroja.com.mx\/index.php?rest_route=%2Fwp%2Fv2%2Fcomments&post=71530"}],"version-history":[{"count":1,"href":"https:\/\/zonaroja.com.mx\/index.php?rest_route=\/wp\/v2\/posts\/71530\/revisions"}],"predecessor-version":[{"id":71532,"href":"https:\/\/zonaroja.com.mx\/index.php?rest_route=\/wp\/v2\/posts\/71530\/revisions\/71532"}],"wp:featuredmedia":[{"embeddable":true,"href":"https:\/\/zonaroja.com.mx\/index.php?rest_route=\/wp\/v2\/media\/71531"}],"wp:attachment":[{"href":"https:\/\/zonaroja.com.mx\/index.php?rest_route=%2Fwp%2Fv2%2Fmedia&parent=71530"}],"wp:term":[{"taxonomy":"category","embeddable":true,"href":"https:\/\/zonaroja.com.mx\/index.php?rest_route=%2Fwp%2Fv2%2Fcategories&post=71530"},{"taxonomy":"post_tag","embeddable":true,"href":"https:\/\/zonaroja.com.mx\/index.php?rest_route=%2Fwp%2Fv2%2Ftags&post=71530"}],"curies":[{"name":"wp","href":"https:\/\/api.w.org\/{rel}","templated":true}]}}