{"id":71533,"date":"2024-08-19T09:30:00","date_gmt":"2024-08-19T15:30:00","guid":{"rendered":"https:\/\/zonaroja.com.mx\/?p=71533"},"modified":"2024-08-19T08:14:43","modified_gmt":"2024-08-19T14:14:43","slug":"que-sentiria-usted-que-vinieran-los-de-otra-religion-y-prendieran-aqui-nuestra-catedral","status":"publish","type":"post","link":"https:\/\/zonaroja.com.mx\/?p=71533","title":{"rendered":"\u201c\u00bfQu\u00e9 sentir\u00eda usted que vinieran los de otra religi\u00f3n y prendieran aqu\u00ed nuestra Catedral?\u201d"},"content":{"rendered":"\n<p>Raymundo Morales\/Zona Roja.<\/p>\n\n\n\n<p>Oaxaca de Ju\u00e1rez, Oax., a 19 de agosto de 2024.- Desde la Catedral metropolitana, el Arzobispo de Antequera Oaxaca, Pedro V\u00e1zquez Villalobos, recrimin\u00f3 la intolerancia hacia quienes no profesan la fe cat\u00f3lica y han generado violencia en contra de evang\u00e9licos, bajo supuestos usos y costumbres.<\/p>\n\n\n\n<p>\u201cA m\u00ed me da mucha tristeza lo que a veces ha pasado en nuestras comunidades, me da mucha tristeza, me da mucho dolor y me da verg\u00fcenza.<\/p>\n\n\n\n<p>\u201cAqu\u00ed estamos los que tenemos fe cat\u00f3lica, pero hay otros hermanos que no tienen nuestra fe cat\u00f3lica, que ellos profesan otra fe, otra fe y tenemos que vivir en la comuni\u00f3n y tenemos que vivir en la paz y tenemos que vivir en el respeto, en el respeto.&nbsp;<\/p>\n\n\n\n<p>\u201cYo tengo que respetar a mi hermano, aunque \u00e9l no profese mi fe cat\u00f3lica y \u00e9l tiene que respetarme a m\u00ed, nos tenemos que respetar mutuamente y yo a veces me he preguntado, \u00bfpor qu\u00e9 no podemos vivir los hermanos? Ellos profesan una fe, nosotros profesamos otra, \u00bfpor qu\u00e9 no nos respetamos?\u201d, exclam\u00f3.<\/p>\n\n\n\n<p>En su mensaje, indic\u00f3 que le da tristeza leer que en alg\u00fan lugar de Oaxaca, hace d\u00edas quemaron un templo \u201cde hermanos no cat\u00f3licos, quemaron un templo porque no eran cat\u00f3licos y \u00bfqui\u00e9nes quemaron el templo de los no cat\u00f3licos? Los cat\u00f3licos, los cat\u00f3licos\u2026 eso es muy triste\u201d.&nbsp;<\/p>\n\n\n\n<p>V\u00e1zquez Villalobos ejemplific\u00f3:<\/p>\n\n\n\n<p>\u201cA ver \u00bfqu\u00e9 sentir\u00eda usted que vinieran los de otra religi\u00f3n y prendieran aqu\u00ed nuestra Catedral? \u00bfqu\u00e9 sentir\u00eda? Le doler\u00eda hasta el alma, se molestar\u00eda, agarrar\u00eda tal vez garrotes y piedras y a lo mejor hasta corta cabeza, corta cabeza, porque vinieron a profanar nuestro templo. &nbsp;<\/p>\n\n\n\n<p>\u201cAh, pues unos hermanos nuestros cat\u00f3licos fueron a prender fuego a un templo de unos no cat\u00f3licos. \u00bfQu\u00e9 pas\u00f3? \u00bfd\u00f3nde est\u00e1 la fraternidad, d\u00f3nde est\u00e1? Ellos son seguidores de Dios, yo soy seguidor de Dios.&nbsp;<\/p>\n\n\n\n<p>\u201c\u00c9l merece ser respetado aunque no profese mi fe y, a veces, Dios m\u00edo, c\u00f3mo nos han hecho da\u00f1o los usos y costumbres de nuestros pueblos. Es que aqu\u00ed es un pueblo de usos y costumbres y nos gobernamos por usos y costumbres y aqu\u00ed vivimos puros cat\u00f3licos y alguien que venga y no sea cat\u00f3lico, aqu\u00ed no es el lugar para vivir\u201d.<\/p>\n\n\n\n<p>Lament\u00f3 que en pleno siglo XXI sucedan estas actitudes, las cuales Dios no est\u00e1 de acuerdo y no quiere eso, sino que vivamos en paz; cat\u00f3licos y no cat\u00f3licos tienen derecho a los mismos servicios p\u00fablicos, sin hacer diferencias, dijo.<\/p>\n\n\n\n<p>\u201cEsas actitudes no son agradables a los ojos de Dios, no son agradables.&nbsp;Si usted es el hijo del pap\u00e1 que ya profesa otra religi\u00f3n y all\u00ed en la asamblea le dicen: le vamos a cortar la luz a tu pap\u00e1 porque no es cat\u00f3lico\u201d \u00bfusted no va a hablar como hijo, no va a defender a su pap\u00e1, a su ancianito, no lo va a defender?&nbsp;<\/p>\n\n\n\n<p>\u201cEst\u00e1 ah\u00ed en la asamblea y \u00bfusted no lo va a defender? \u00bfusted no lo va a defender? O va a decir: s\u00ed, adelante, c\u00f3rtenle la luz a mi jefe porque se cambi\u00f3 de religi\u00f3n, no le den agua, que se muera de sed.&nbsp;<\/p>\n\n\n\n<p>\u201c\u00bfUsted dijo, con esa actitud? Preg\u00fantele a Dios si usted est\u00e1 honrando a su padre con esa actitud, preg\u00fantele a Dios, qu\u00e9 le va a decir Dios: esos no son sentimientos de un hijo, usted tiene que decir: pues mi pap\u00e1 profesa otra fe pero por qu\u00e9 le vamos a quitar la luz\u2026 no, eso no y s\u00e9 que hay pueblos as\u00ed en nuestro Oaxaca, yo lo s\u00e9, yo lo s\u00e9. Ya, que acabemos con eso, vivamos en paz, vivamos en esa fraternidad, en esa comuni\u00f3n que quiere Dios, vivamos en esa comuni\u00f3n\u201d.<\/p>\n\n\n\n<p>Pidi\u00f3 que las autoridades sean sensibles, razonen, piensen en el bien de todos, sin querer hacerle da\u00f1o a otros por profesar una fe distinta a la cat\u00f3lica.<\/p>\n\n\n\n<p>\u201cEspero que esto que diga, pues as\u00ed como subieron, as\u00ed como subieron el incendio, el incendio de la capilla, pues tambi\u00e9n a ver si suben un pedazo de lo que yo dije, porque tambi\u00e9n a veces luego nos dicen: el Obispo est\u00e1 mudo, no dice nada, quiere decir que es c\u00f3mplice de la vida de los cat\u00f3licos. No, lo que es malo, es malo y lo que es bueno, es bueno\u201d.<\/p>\n","protected":false},"excerpt":{"rendered":"<p>Raymundo Morales\/Zona Roja. Oaxaca de Ju\u00e1rez, Oax., a 19 de agosto de 2024.- Desde la&hellip;<\/p>\n","protected":false},"author":2,"featured_media":71534,"comment_status":"closed","ping_status":"open","sticky":false,"template":"","format":"standard","meta":{"_lmt_disableupdate":"","_lmt_disable":"","_jetpack_memberships_contains_paid_content":false,"footnotes":""},"categories":[109,46],"tags":[3163],"class_list":["post-71533","post","type-post","status-publish","format-standard","has-post-thumbnail","hentry","category-minuto-a-minuto","category-zona-blanca","tag-pedro-vasquez-ramirez"],"jetpack_featured_media_url":"https:\/\/zonaroja.com.mx\/wp-content\/uploads\/2024\/08\/Arzobispo-de-Antequera-Pedro-Vazquez.jpg","jetpack_sharing_enabled":true,"_links":{"self":[{"href":"https:\/\/zonaroja.com.mx\/index.php?rest_route=\/wp\/v2\/posts\/71533","targetHints":{"allow":["GET"]}}],"collection":[{"href":"https:\/\/zonaroja.com.mx\/index.php?rest_route=\/wp\/v2\/posts"}],"about":[{"href":"https:\/\/zonaroja.com.mx\/index.php?rest_route=\/wp\/v2\/types\/post"}],"author":[{"embeddable":true,"href":"https:\/\/zonaroja.com.mx\/index.php?rest_route=\/wp\/v2\/users\/2"}],"replies":[{"embeddable":true,"href":"https:\/\/zonaroja.com.mx\/index.php?rest_route=%2Fwp%2Fv2%2Fcomments&post=71533"}],"version-history":[{"count":1,"href":"https:\/\/zonaroja.com.mx\/index.php?rest_route=\/wp\/v2\/posts\/71533\/revisions"}],"predecessor-version":[{"id":71535,"href":"https:\/\/zonaroja.com.mx\/index.php?rest_route=\/wp\/v2\/posts\/71533\/revisions\/71535"}],"wp:featuredmedia":[{"embeddable":true,"href":"https:\/\/zonaroja.com.mx\/index.php?rest_route=\/wp\/v2\/media\/71534"}],"wp:attachment":[{"href":"https:\/\/zonaroja.com.mx\/index.php?rest_route=%2Fwp%2Fv2%2Fmedia&parent=71533"}],"wp:term":[{"taxonomy":"category","embeddable":true,"href":"https:\/\/zonaroja.com.mx\/index.php?rest_route=%2Fwp%2Fv2%2Fcategories&post=71533"},{"taxonomy":"post_tag","embeddable":true,"href":"https:\/\/zonaroja.com.mx\/index.php?rest_route=%2Fwp%2Fv2%2Ftags&post=71533"}],"curies":[{"name":"wp","href":"https:\/\/api.w.org\/{rel}","templated":true}]}}