{"id":71536,"date":"2024-08-19T11:26:00","date_gmt":"2024-08-19T17:26:00","guid":{"rendered":"https:\/\/zonaroja.com.mx\/?p=71536"},"modified":"2024-08-19T08:27:27","modified_gmt":"2024-08-19T14:27:27","slug":"matan-a-balazos-a-individuo-frente-a-una-iglesia-en-jamiltepec-oaxaca","status":"publish","type":"post","link":"https:\/\/zonaroja.com.mx\/?p=71536","title":{"rendered":"Matan a balazos a individuo frente a una iglesia en Jamiltepec, Oaxaca"},"content":{"rendered":"\n<p>Raymundo Morales\/Zona Roja.<\/p>\n\n\n\n<p>Oaxaca de Ju\u00e1rez, Oax., a 19 de agosto de 2024.- Frente a una iglesia cristiana, un individuo fue ejecutado a balazos anoche, en Santiago Jamiltepec, municipio de la regi\u00f3n Costa de Oaxaca.<\/p>\n\n\n\n<p>El ataque ocurri\u00f3 frente al templo evang\u00e9lico \u201cMonte Si\u00f3n\u201d de dicha demarcaci\u00f3n y el cuerpo qued\u00f3 en el interior de una unidad de motor.<\/p>\n\n\n\n<p>De acuerdo con los primeros datos, el hombre fue identificado \u00fanicamente con el seud\u00f3nimo de \u201cMZ\u201d y era originario de San Andr\u00e9s Huax\u00e1ltepec; presuntamente era traficante de personas, todo lo cual investiga la Vicefiscal\u00eda Regional de la Costa.<\/p>\n\n\n\n<p>Como ocurre en la mayor\u00eda de los casos, no hab\u00eda polic\u00edas en la zona para detener a los presuntos delincuentes.<\/p>\n\n\n\n<p>En el domingo hubo una serie de hechos violentos en Oaxaca, en que asesinaron a balazos tambi\u00e9n a una persona del sexo masculino en el municipio de Salina Cruz y otra m\u00e1s en Juchit\u00e1n de Zaragoza.<\/p>\n\n\n\n<p>Mientras que en Huajuapan de Le\u00f3n ocurri\u00f3 un ataque armado en contra de cuatro personas, dos de ellas menores de edad, que convalecen en un hospital.<\/p>\n","protected":false},"excerpt":{"rendered":"<p>Raymundo Morales\/Zona Roja. Oaxaca de Ju\u00e1rez, Oax., a 19 de agosto de 2024.- Frente a&hellip;<\/p>\n","protected":false},"author":2,"featured_media":69742,"comment_status":"closed","ping_status":"open","sticky":false,"template":"","format":"standard","meta":{"_lmt_disableupdate":"","_lmt_disable":"","_jetpack_memberships_contains_paid_content":false,"footnotes":""},"categories":[109,47],"tags":[797],"class_list":["post-71536","post","type-post","status-publish","format-standard","has-post-thumbnail","hentry","category-minuto-a-minuto","category-zona-gris","tag-santiago-jamiltepec"],"jetpack_featured_media_url":"https:\/\/zonaroja.com.mx\/wp-content\/uploads\/2024\/06\/Homicidio-doloso-arma-de-fuego-crimen-escena.avif","jetpack_sharing_enabled":true,"_links":{"self":[{"href":"https:\/\/zonaroja.com.mx\/index.php?rest_route=\/wp\/v2\/posts\/71536","targetHints":{"allow":["GET"]}}],"collection":[{"href":"https:\/\/zonaroja.com.mx\/index.php?rest_route=\/wp\/v2\/posts"}],"about":[{"href":"https:\/\/zonaroja.com.mx\/index.php?rest_route=\/wp\/v2\/types\/post"}],"author":[{"embeddable":true,"href":"https:\/\/zonaroja.com.mx\/index.php?rest_route=\/wp\/v2\/users\/2"}],"replies":[{"embeddable":true,"href":"https:\/\/zonaroja.com.mx\/index.php?rest_route=%2Fwp%2Fv2%2Fcomments&post=71536"}],"version-history":[{"count":1,"href":"https:\/\/zonaroja.com.mx\/index.php?rest_route=\/wp\/v2\/posts\/71536\/revisions"}],"predecessor-version":[{"id":71537,"href":"https:\/\/zonaroja.com.mx\/index.php?rest_route=\/wp\/v2\/posts\/71536\/revisions\/71537"}],"wp:featuredmedia":[{"embeddable":true,"href":"https:\/\/zonaroja.com.mx\/index.php?rest_route=\/wp\/v2\/media\/69742"}],"wp:attachment":[{"href":"https:\/\/zonaroja.com.mx\/index.php?rest_route=%2Fwp%2Fv2%2Fmedia&parent=71536"}],"wp:term":[{"taxonomy":"category","embeddable":true,"href":"https:\/\/zonaroja.com.mx\/index.php?rest_route=%2Fwp%2Fv2%2Fcategories&post=71536"},{"taxonomy":"post_tag","embeddable":true,"href":"https:\/\/zonaroja.com.mx\/index.php?rest_route=%2Fwp%2Fv2%2Ftags&post=71536"}],"curies":[{"name":"wp","href":"https:\/\/api.w.org\/{rel}","templated":true}]}}