{"id":71538,"date":"2024-08-19T12:27:00","date_gmt":"2024-08-19T18:27:00","guid":{"rendered":"https:\/\/zonaroja.com.mx\/?p=71538"},"modified":"2024-08-19T08:29:24","modified_gmt":"2024-08-19T14:29:24","slug":"viruela-del-mono-requiere-respuesta-internacional-unificada","status":"publish","type":"post","link":"https:\/\/zonaroja.com.mx\/?p=71538","title":{"rendered":"\u201cViruela del mono\u201d requiere respuesta internacional unificada"},"content":{"rendered":"\n<p>Redacci\u00f3n\/Zona Roja Cdmx.<\/p>\n\n\n\n<p>Ciudad de M\u00e9xico, a 19 de agosto de 2024.- La llegada de la nueva variante de mpox, mejor conocida como \u201cViruela del mono\u201d, a Europa es una clara muestra de que contener la propagaci\u00f3n de esta enfermedad requerir\u00e1 una respuesta internacional unificada, dijo este viernes 16 de agosto la Organizaci\u00f3n Mundial de la Salud (OMS), que pidi\u00f3 no caer en el p\u00e1nico.<\/p>\n\n\n\n<p>\u201cLa identificaci\u00f3n de la primera infecci\u00f3n por mpox clade (variante) 1b en Suecia subraya la necesidad de que los pa\u00edses afectados aborden juntos el virus\u201d, declar\u00f3 el director general de la OMS, Tedros Adhanom Ghebreyesus.<\/p>\n\n\n\n<p>Alent\u00f3 a todos los pa\u00edses a mejorar la vigilancia, a compartir los datos que tengan y a trabajar para comprender mejor la transmisi\u00f3n, as\u00ed como a compartir las vacunas que tengan.<\/p>\n\n\n\n<p>La portavoz de la OMS, Margaret Harris, dijo a la prensa internacional en Ginebra que no hay que caer en el p\u00e1nico por informaciones que circulan sobre supuestos contagios con solo dar la mano a una persona infectada, pero que todav\u00eda no presenta erupciones cut\u00e1neas.<\/p>\n\n\n\n<p>\u201cA menudos tenemos este tipo de ejemplos alarmistas, pero esto se contagia a trav\u00e9s de un contacto muy cercano, lo vemos en hogares, de madres a ni\u00f1os, por relaciones sexuales o mediante s\u00e1banas o ropa de alguien infectado\u201d, explic\u00f3.<\/p>\n\n\n\n<p>Preciso que \u201ca menudo es cuando las ampollas son visibles y hay fluido en \u00e9stas\u201d.<\/p>\n\n\n\n<p>Un d\u00eda despu\u00e9s de conocerse el caso de Suecia, las autoridades de Pakist\u00e1n informaron este viernes del primer caso confirmado de mpox que se reporta en Asia desde que la Organizaci\u00f3n Mundial de la Salud (OMS) decretase la emergencia global por esta enfermedad.<\/p>\n\n\n\n<p>\u201cSe ha confirmado que un paciente tiene el virus mpox\u201d, dijo el portavoz del Ministerio de Salud, Sajid Shah, quien afirm\u00f3 adem\u00e1s que dicho paciente hab\u00eda regresado recientemente de un pa\u00eds del Golfo.<\/p>\n\n\n\n<p>Adem\u00e1s, las muestras de otros dos pacientes de la provincia de Khyber Pakhtunkhwa (noroeste) fueron enviadas al Instituto Nacional de Salud para confirmar la presencia del virus, se\u00f1al\u00f3.<\/p>\n\n\n\n<p>Seg\u00fan se dijo hoy en Ginebra, la Federaci\u00f3n Internacional de la Cruz Roja y la Media Luna Roja (FICR), que colabora a trav\u00e9s de las sociedades africanas de socorro en el control del mpox, record\u00f3 que la enfermedad afecta en particular a comunidades marginadas, que necesitan informaci\u00f3n clara sobre c\u00f3mo protegerse e identificar los s\u00edntomas.<\/p>\n\n\n\n<p>Asimismo, hay que convencerlas de que se debe buscar atenci\u00f3n m\u00e9dica cuando haya signos de infecci\u00f3n, para lo cual hay que luchar contra el estigma en torno a esta enfermedad, que es el principal motivo por el que las personas no buscan ayuda.<\/p>\n\n\n\n<p>La especialista en emergencias sanitarias de la FICR, Bronwyn Nichol, sostuvo que no es una sorpresa que el virus haya aparecido en Europa, pero enfatiz\u00f3 en que esto no debe desanimar a los pa\u00edses que tienen reservas de vacunas a hacer donaciones para \u00c1frica, donde el virus est\u00e1 circulando ampliamente.<\/p>\n\n\n\n<p>Seg\u00fan la OMS, actualmente existe medio mill\u00f3n de una de las dos vacunas que se han desarrollado en procesos r\u00e1pidos contra la mpox, con un potencial de producci\u00f3n de 2.5 millones de dosis adicionales el pr\u00f3ximo a\u00f1o.<\/p>\n\n\n\n<p>Harris no proporcion\u00f3 informaci\u00f3n sobre qu\u00e9 pa\u00edses tienen dosis de la primera vacuna, aunque dijo que hay \u201cpromesas\u201d de donaciones para \u00c1frica.<\/p>\n\n\n\n<p>Un segundo tipo de vacunas fueron producidas por encargo de Jap\u00f3n, pero no han sido comercializadas, y la OMS espera que este pa\u00eds tambi\u00e9n pueda compartirlas.<\/p>\n\n\n\n<p>(Informaci\u00f3n de EFE en \u201cEl Financiero\u201d)<\/p>\n","protected":false},"excerpt":{"rendered":"<p>Redacci\u00f3n\/Zona Roja Cdmx. Ciudad de M\u00e9xico, a 19 de agosto de 2024.- La llegada de&hellip;<\/p>\n","protected":false},"author":2,"featured_media":71490,"comment_status":"closed","ping_status":"open","sticky":false,"template":"","format":"standard","meta":{"_lmt_disableupdate":"","_lmt_disable":"","_jetpack_memberships_contains_paid_content":false,"footnotes":""},"categories":[109,47],"tags":[3161],"class_list":["post-71538","post","type-post","status-publish","format-standard","has-post-thumbnail","hentry","category-minuto-a-minuto","category-zona-gris","tag-viruela-del-mono"],"jetpack_featured_media_url":"https:\/\/zonaroja.com.mx\/wp-content\/uploads\/2024\/08\/Virus-del-mono-Mpox.jpeg.avif","jetpack_sharing_enabled":true,"_links":{"self":[{"href":"https:\/\/zonaroja.com.mx\/index.php?rest_route=\/wp\/v2\/posts\/71538","targetHints":{"allow":["GET"]}}],"collection":[{"href":"https:\/\/zonaroja.com.mx\/index.php?rest_route=\/wp\/v2\/posts"}],"about":[{"href":"https:\/\/zonaroja.com.mx\/index.php?rest_route=\/wp\/v2\/types\/post"}],"author":[{"embeddable":true,"href":"https:\/\/zonaroja.com.mx\/index.php?rest_route=\/wp\/v2\/users\/2"}],"replies":[{"embeddable":true,"href":"https:\/\/zonaroja.com.mx\/index.php?rest_route=%2Fwp%2Fv2%2Fcomments&post=71538"}],"version-history":[{"count":1,"href":"https:\/\/zonaroja.com.mx\/index.php?rest_route=\/wp\/v2\/posts\/71538\/revisions"}],"predecessor-version":[{"id":71539,"href":"https:\/\/zonaroja.com.mx\/index.php?rest_route=\/wp\/v2\/posts\/71538\/revisions\/71539"}],"wp:featuredmedia":[{"embeddable":true,"href":"https:\/\/zonaroja.com.mx\/index.php?rest_route=\/wp\/v2\/media\/71490"}],"wp:attachment":[{"href":"https:\/\/zonaroja.com.mx\/index.php?rest_route=%2Fwp%2Fv2%2Fmedia&parent=71538"}],"wp:term":[{"taxonomy":"category","embeddable":true,"href":"https:\/\/zonaroja.com.mx\/index.php?rest_route=%2Fwp%2Fv2%2Fcategories&post=71538"},{"taxonomy":"post_tag","embeddable":true,"href":"https:\/\/zonaroja.com.mx\/index.php?rest_route=%2Fwp%2Fv2%2Ftags&post=71538"}],"curies":[{"name":"wp","href":"https:\/\/api.w.org\/{rel}","templated":true}]}}