{"id":7154,"date":"2019-12-31T12:31:47","date_gmt":"2019-12-31T18:31:47","guid":{"rendered":"http:\/\/www.zonaroja.com.mx\/?p=7154"},"modified":"2019-12-31T12:31:49","modified_gmt":"2019-12-31T18:31:49","slug":"reclamos-de-justicia-en-la-vicefiscalia-de-la-mixteca-derivaron-en-golpes","status":"publish","type":"post","link":"https:\/\/zonaroja.com.mx\/?p=7154","title":{"rendered":"Reclamos de justicia en la Vicefiscal\u00eda de la Mixteca derivaron en golpes"},"content":{"rendered":"\n<p>Redacci\u00f3n\/Zona Roja. Foto: Igavec<\/p>\n\n\n\n<p>Oaxaca de Ju\u00e1rez, Oax., 31 de diciembre\nde 2019.- Integrantes de la Organizaci\u00f3n Volcanes de Obreros y Campesinos\nOaxaque\u00f1os de la Mixteca (OVOCOM) reclamaron justicia y seguridad en la sede de\nla Vicefiscal\u00eda Regional ubicada en Huajuapan de Le\u00f3n.<\/p>\n\n\n\n<p>Pero los reclamos derivaron en un\nenfrentamiento con dos personas lesionadas, presuntamente abogados, cuando\n\u00e9stos pretend\u00edan realizar un tr\u00e1mite.<\/p>\n\n\n\n<p>Los hechos sucedieron alrededor de las\n13:00 horas de este lunes cuando el grupo de pobladores reclam\u00f3 al titular de\nla Vicefiscal\u00eda Regional de la Mixteca, Jorge Flores, el nulo avance en las\ninvestigaciones, as\u00ed como la impunidad en diversos delitos.<\/p>\n\n\n\n<p>Pero personas civiles llegaron a\nreclamar que les obstaculizaban para realizar sus tr\u00e1mites, lo cual deriv\u00f3 en\nla ri\u00f1a, con saldo de dos personas lesionadas, en el interior de las\ninstalaciones de justicia ubicadas en el Libramiento Norte de Huajuapan.<\/p>\n\n\n\n<p>Tras el arribo de elementos de la\nPolic\u00eda Municipal, Bomberos y Protecci\u00f3n Civil, los lesionados, uno de ellos identificado\ncomo V\u00edctor A. C. y el otro como N. J., C., fueron trasladados al hospital del\nInstituto Mexicano del Seguro Social.<\/p>\n\n\n\n<p>Los disturbios provocaron la presencia\nde elementos de la Polic\u00eda Estatal y de la Guardia Nacional.<\/p>\n\n\n\n<p>Tras los hechos, el vicefiscal Jorge\nFlores se vio obligado a salir a atender a los inconformes, con quienes se\ncomprometi\u00f3 a revisar el caso.<\/p>\n","protected":false},"excerpt":{"rendered":"<p>Redacci\u00f3n\/Zona Roja. Foto: Igavec Oaxaca de Ju\u00e1rez, Oax., 31 de diciembre de 2019.- Integrantes de&hellip;<\/p>\n","protected":false},"author":2,"featured_media":7155,"comment_status":"closed","ping_status":"open","sticky":false,"template":"","format":"standard","meta":{"_lmt_disableupdate":"","_lmt_disable":"","_jetpack_memberships_contains_paid_content":false,"footnotes":""},"categories":[109,47],"tags":[594,1210],"class_list":["post-7154","post","type-post","status-publish","format-standard","has-post-thumbnail","hentry","category-minuto-a-minuto","category-zona-gris","tag-huajuapan-de-leon","tag-vicefiscalia-regional-de-la-mixteca"],"jetpack_featured_media_url":"https:\/\/zonaroja.com.mx\/wp-content\/uploads\/2019\/12\/Protesta-OVOCOM.jpg","jetpack_sharing_enabled":true,"_links":{"self":[{"href":"https:\/\/zonaroja.com.mx\/index.php?rest_route=\/wp\/v2\/posts\/7154","targetHints":{"allow":["GET"]}}],"collection":[{"href":"https:\/\/zonaroja.com.mx\/index.php?rest_route=\/wp\/v2\/posts"}],"about":[{"href":"https:\/\/zonaroja.com.mx\/index.php?rest_route=\/wp\/v2\/types\/post"}],"author":[{"embeddable":true,"href":"https:\/\/zonaroja.com.mx\/index.php?rest_route=\/wp\/v2\/users\/2"}],"replies":[{"embeddable":true,"href":"https:\/\/zonaroja.com.mx\/index.php?rest_route=%2Fwp%2Fv2%2Fcomments&post=7154"}],"version-history":[{"count":1,"href":"https:\/\/zonaroja.com.mx\/index.php?rest_route=\/wp\/v2\/posts\/7154\/revisions"}],"predecessor-version":[{"id":7156,"href":"https:\/\/zonaroja.com.mx\/index.php?rest_route=\/wp\/v2\/posts\/7154\/revisions\/7156"}],"wp:featuredmedia":[{"embeddable":true,"href":"https:\/\/zonaroja.com.mx\/index.php?rest_route=\/wp\/v2\/media\/7155"}],"wp:attachment":[{"href":"https:\/\/zonaroja.com.mx\/index.php?rest_route=%2Fwp%2Fv2%2Fmedia&parent=7154"}],"wp:term":[{"taxonomy":"category","embeddable":true,"href":"https:\/\/zonaroja.com.mx\/index.php?rest_route=%2Fwp%2Fv2%2Fcategories&post=7154"},{"taxonomy":"post_tag","embeddable":true,"href":"https:\/\/zonaroja.com.mx\/index.php?rest_route=%2Fwp%2Fv2%2Ftags&post=7154"}],"curies":[{"name":"wp","href":"https:\/\/api.w.org\/{rel}","templated":true}]}}