{"id":71543,"date":"2024-08-19T18:48:19","date_gmt":"2024-08-20T00:48:19","guid":{"rendered":"https:\/\/zonaroja.com.mx\/?p=71543"},"modified":"2024-08-19T18:48:21","modified_gmt":"2024-08-20T00:48:21","slug":"a-medias-paro-de-labores-del-poder-judicial-en-oaxaca","status":"publish","type":"post","link":"https:\/\/zonaroja.com.mx\/?p=71543","title":{"rendered":"A medias, paro de labores del Poder Judicial en Oaxaca"},"content":{"rendered":"\n<p>Ismael Garc\u00eda M.\/Zona Roja.<\/p>\n\n\n\n<p>Oaxaca de Ju\u00e1rez, Oax., a 19 de agosto de 2024.- El paro de labores nacional convocado por trabajadores del Poder Judicial de la Federaci\u00f3n se efectu\u00f3 a medias en el estado de Oaxaca.<\/p>\n\n\n\n<p>\u00danicamente la sede principal, ubicada en el municipio de San Bartolo Coyotepec, y las instalaciones de Salina Cruz, fueron las que se sumaron a esta iniciativa, en rechazo a las reformas constitucionales que promueven el Legislativo federal y el Presidente Andr\u00e9s Manuel L\u00f3pez Obrador, respaldados por el Partido Morena.<\/p>\n\n\n\n<p>En la sede de juzgados y tribunales de D\u00e9cimo Tercer Circuito, ubicado en la avenida Ju\u00e1rez frente al parque \u201cEl Llano\u201d, al igual que las instalaciones ubicadas en la \u00faltima calle de la avenida Independencia, laboran con normalidad.<\/p>\n\n\n\n<p>En este \u00faltimo lugar \u00fanicamente se hallaba una lona, colocada desde hace varios meses, en que se defienden los derechos de los trabajadores.<\/p>\n\n\n\n<p>En San Bartolo Coyotepec, un centenar de empleados par\u00f3 labores aunque reconocieron que \u201cles tom\u00f3 por sorpresa\u201d la determinaci\u00f3n tomada a nivel nacional, seg\u00fan dijo la actuaria Rosa de la Fuente.<\/p>\n\n\n\n<p>Por ello, determinaron declarar como inh\u00e1bil el d\u00eda de hoy, con la finalidad de no afectar el salario de los empleados en paro.<\/p>\n\n\n\n<p>Fue e las 00:01 horas de este lunes en que en la Ciudad de M\u00e9xico inici\u00f3 el paro nacional de labores, en rechazo a la reforma al Poder Judicial de la Federaci\u00f3n que, consideran, lesionar\u00e1 sus derechos y va contra la democracia.<\/p>\n","protected":false},"excerpt":{"rendered":"<p>Ismael Garc\u00eda M.\/Zona Roja. Oaxaca de Ju\u00e1rez, Oax., a 19 de agosto de 2024.- El&hellip;<\/p>\n","protected":false},"author":2,"featured_media":71544,"comment_status":"closed","ping_status":"open","sticky":false,"template":"","format":"standard","meta":{"_lmt_disableupdate":"","_lmt_disable":"","_jetpack_memberships_contains_paid_content":false,"footnotes":""},"categories":[109,47],"tags":[4033],"class_list":["post-71543","post","type-post","status-publish","format-standard","has-post-thumbnail","hentry","category-minuto-a-minuto","category-zona-gris","tag-paro-poder-judicial-de-la-federacion"],"jetpack_featured_media_url":"https:\/\/zonaroja.com.mx\/wp-content\/uploads\/2024\/08\/Paro-Poder-Judicial-Oaxaca.jpg","jetpack_sharing_enabled":true,"_links":{"self":[{"href":"https:\/\/zonaroja.com.mx\/index.php?rest_route=\/wp\/v2\/posts\/71543","targetHints":{"allow":["GET"]}}],"collection":[{"href":"https:\/\/zonaroja.com.mx\/index.php?rest_route=\/wp\/v2\/posts"}],"about":[{"href":"https:\/\/zonaroja.com.mx\/index.php?rest_route=\/wp\/v2\/types\/post"}],"author":[{"embeddable":true,"href":"https:\/\/zonaroja.com.mx\/index.php?rest_route=\/wp\/v2\/users\/2"}],"replies":[{"embeddable":true,"href":"https:\/\/zonaroja.com.mx\/index.php?rest_route=%2Fwp%2Fv2%2Fcomments&post=71543"}],"version-history":[{"count":1,"href":"https:\/\/zonaroja.com.mx\/index.php?rest_route=\/wp\/v2\/posts\/71543\/revisions"}],"predecessor-version":[{"id":71545,"href":"https:\/\/zonaroja.com.mx\/index.php?rest_route=\/wp\/v2\/posts\/71543\/revisions\/71545"}],"wp:featuredmedia":[{"embeddable":true,"href":"https:\/\/zonaroja.com.mx\/index.php?rest_route=\/wp\/v2\/media\/71544"}],"wp:attachment":[{"href":"https:\/\/zonaroja.com.mx\/index.php?rest_route=%2Fwp%2Fv2%2Fmedia&parent=71543"}],"wp:term":[{"taxonomy":"category","embeddable":true,"href":"https:\/\/zonaroja.com.mx\/index.php?rest_route=%2Fwp%2Fv2%2Fcategories&post=71543"},{"taxonomy":"post_tag","embeddable":true,"href":"https:\/\/zonaroja.com.mx\/index.php?rest_route=%2Fwp%2Fv2%2Ftags&post=71543"}],"curies":[{"name":"wp","href":"https:\/\/api.w.org\/{rel}","templated":true}]}}