{"id":71546,"date":"2024-08-19T20:08:28","date_gmt":"2024-08-20T02:08:28","guid":{"rendered":"https:\/\/zonaroja.com.mx\/?p=71546"},"modified":"2024-08-19T20:08:31","modified_gmt":"2024-08-20T02:08:31","slug":"gabinete-de-clara-brugada-tambien-herencia-de-amlo-y-de-sheinbaum","status":"publish","type":"post","link":"https:\/\/zonaroja.com.mx\/?p=71546","title":{"rendered":"Gabinete de Clara Brugada, tambi\u00e9n herencia de AMLO y de Sheinbaum"},"content":{"rendered":"\n<p>Redacci\u00f3n\/Zona Roja Cdmx.<\/p>\n\n\n\n<p>Ciudad de M\u00e9xico, a 19 de agosto de 2024.- La jefa de Gobierno electa, Clara Brugada, present\u00f3 a las personas que la acompa\u00f1ar\u00e1n durante los pr\u00f3ximos seis a\u00f1os de gobierno en la Ciudad de M\u00e9xico, donde asegur\u00f3 que seguir\u00e1 con el legado de Claudia Sheinbaum, as\u00ed como con lo iniciado por el gobierno de AMLO.<\/p>\n\n\n\n<p>Tan es as\u00ed que Brugada incluy\u00f3 al equipo a varios perfiles del Gobierno Federal, as\u00ed como de las personas que acompa\u00f1aron a Sheinbaum cuando fue jefa de Gobierno de la Cdmx.<\/p>\n\n\n\n<p>C\u00e9sar Cravioto<\/p>\n\n\n\n<p>Como mano derecha de Brugada, qued\u00f3 el pol\u00e9mico senador morenista C\u00e9sar Cravioto, pues fue designado como secretario de Gobierno de la CDMX. Durante el gobierno capitalino de Sheinbaum estuvo al frente de la Comisi\u00f3n de Reconstrucci\u00f3n de la Ciudad de M\u00e9xico tras el sismo del 2017.<\/p>\n\n\n\n<p>Alejandra Frausto<\/p>\n\n\n\n<p>Para la Secretar\u00eda Turismo fue designada Alejandra Frausto, quien se desempe\u00f1a actualmente como secretaria de Cultura desde el 2018 en el sexenio de AMLO, pues la mayor parte de su carrera ha estado dedicada a la difusi\u00f3n cultural tanto en el \u00e1mbito privado como en el p\u00fablico, pese a ser licenciada en Derecho.<\/p>\n\n\n\n<p>Alejandro Encinas<\/p>\n\n\n\n<p>En la secretar\u00eda de Planeaci\u00f3n y Desarrollo Territorial qued\u00f3 Alejandro Encinas. Viejo colaborador de AMLO, fue subsecretario de Derechos Humanos de la Segob durante su gobierno. Su paso se vio en la pol\u00e9mica por la investigaci\u00f3n sobre la desaparici\u00f3n de los 43 estudiantes de Ayotzinapa por haber se\u00f1alado la responsabilidad de militares en el crimen.&nbsp;<\/p>\n\n\n\n<p>Al renunciar al cargo se uni\u00f3 a la campa\u00f1a de Sheinbaum, para despu\u00e9s de las elecciones ser nombrado el encargado del equipo de transici\u00f3n de gobierno de Brugada.<\/p>\n\n\n\n<p>Juan Pablo De Botton Falc\u00f3n<\/p>\n\n\n\n<p>Uno de los nombramientos que se esperaban era el de Juan Pablo De Botton Falc\u00f3n, quien ir\u00e1 como secretario de Administraci\u00f3n y Finanzas. Pues en las primeras reuniones de transici\u00f3n con Mart\u00ed Batres, De Botton acompa\u00f1\u00f3 a Brugada. Actualmente es subsecretario de Egresos en la Secretar\u00eda de Hacienda y Cr\u00e9dito P\u00fablico (SHCP) desde el 2022 y form\u00f3 parte del equipo econ\u00f3mico de AMLO cuando fue presidente electo.<\/p>\n\n\n\n<p>Er\u00e9ndira Cruzvillegas<\/p>\n\n\n\n<p>Otra cercana a AMLO ser\u00e1 que ocupe el puesto como Consejera Jur\u00eddica y de Servicios Legales de la capital. Se trata de Er\u00e9ndira Cruzvillegas, quien es jefa de la Unidad de Asuntos Jur\u00eddicos de la Secretar\u00eda de Cultura y en diciembre del 2023 fue incluida por AMLO en la terna para reemplazar a Arturo Zald\u00edvar en la Suprema Corte.<\/p>\n\n\n\n<p>Myriam Urz\u00faa<\/p>\n\n\n\n<p>Otra persona que continuar\u00e1 en su cargo es Myriam Urz\u00faa, pues se quedar\u00e1 en la Secretar\u00eda de Gesti\u00f3n Integral de Riesgos y Protecci\u00f3n Civil (SGIRPC) donde est\u00e1 desde finales del 2018, es decir, desde el gobierno de Sheinbaum.&nbsp;<\/p>\n\n\n\n<p>Araceli Dami\u00e1n<\/p>\n\n\n\n<p>La investigadora Araceli Dami\u00e1n, fue designada para la Secretaria de Bienestar e Inclusi\u00f3n Social de la Ciudad de M\u00e9xico por su especialidad en temas de pobreza, desigualdad y pol\u00edtica social. Durante el gobierno de Sheinbaum fue directora general del Consejo de Evaluaci\u00f3n para el Desarrollo Social (Eval\u00faa) hasta el 2021.<\/p>\n\n\n\n<p>Tom\u00e1s Pliego Calvo<\/p>\n\n\n\n<p>Para la nueva Secretar\u00eda de Atenci\u00f3n Ciudadana, quedar\u00e1 Tom\u00e1s Pliego Calvo, quien estuvo en la administraci\u00f3n de Sheinbaum del 2018 al 2021 como coordinador general del gabinete de Seguridad Ciudadana y Procuraci\u00f3n de Justicia. Tambi\u00e9n fue secretario del primer Comit\u00e9 Ejecutivo Nacional de Morena de Guanajuato, Coahuila y Durango.<\/p>\n\n\n\n<p>(Informaci\u00f3n de Pol\u00edtico Mx)<\/p>\n","protected":false},"excerpt":{"rendered":"<p>Redacci\u00f3n\/Zona Roja Cdmx. Ciudad de M\u00e9xico, a 19 de agosto de 2024.- La jefa de&hellip;<\/p>\n","protected":false},"author":2,"featured_media":71547,"comment_status":"closed","ping_status":"open","sticky":false,"template":"","format":"standard","meta":{"_lmt_disableupdate":"","_lmt_disable":"","_jetpack_memberships_contains_paid_content":false,"footnotes":""},"categories":[109,46],"tags":[3731],"class_list":["post-71546","post","type-post","status-publish","format-standard","has-post-thumbnail","hentry","category-minuto-a-minuto","category-zona-blanca","tag-clara-brugada"],"jetpack_featured_media_url":"https:\/\/zonaroja.com.mx\/wp-content\/uploads\/2024\/08\/Gabinete-Clara-Brugada.jpeg","jetpack_sharing_enabled":true,"_links":{"self":[{"href":"https:\/\/zonaroja.com.mx\/index.php?rest_route=\/wp\/v2\/posts\/71546","targetHints":{"allow":["GET"]}}],"collection":[{"href":"https:\/\/zonaroja.com.mx\/index.php?rest_route=\/wp\/v2\/posts"}],"about":[{"href":"https:\/\/zonaroja.com.mx\/index.php?rest_route=\/wp\/v2\/types\/post"}],"author":[{"embeddable":true,"href":"https:\/\/zonaroja.com.mx\/index.php?rest_route=\/wp\/v2\/users\/2"}],"replies":[{"embeddable":true,"href":"https:\/\/zonaroja.com.mx\/index.php?rest_route=%2Fwp%2Fv2%2Fcomments&post=71546"}],"version-history":[{"count":1,"href":"https:\/\/zonaroja.com.mx\/index.php?rest_route=\/wp\/v2\/posts\/71546\/revisions"}],"predecessor-version":[{"id":71548,"href":"https:\/\/zonaroja.com.mx\/index.php?rest_route=\/wp\/v2\/posts\/71546\/revisions\/71548"}],"wp:featuredmedia":[{"embeddable":true,"href":"https:\/\/zonaroja.com.mx\/index.php?rest_route=\/wp\/v2\/media\/71547"}],"wp:attachment":[{"href":"https:\/\/zonaroja.com.mx\/index.php?rest_route=%2Fwp%2Fv2%2Fmedia&parent=71546"}],"wp:term":[{"taxonomy":"category","embeddable":true,"href":"https:\/\/zonaroja.com.mx\/index.php?rest_route=%2Fwp%2Fv2%2Fcategories&post=71546"},{"taxonomy":"post_tag","embeddable":true,"href":"https:\/\/zonaroja.com.mx\/index.php?rest_route=%2Fwp%2Fv2%2Ftags&post=71546"}],"curies":[{"name":"wp","href":"https:\/\/api.w.org\/{rel}","templated":true}]}}