{"id":71552,"date":"2024-08-20T09:58:00","date_gmt":"2024-08-20T15:58:00","guid":{"rendered":"https:\/\/zonaroja.com.mx\/?p=71552"},"modified":"2024-08-20T06:25:49","modified_gmt":"2024-08-20T12:25:49","slug":"aprueba-el-congreso-de-oaxaca-iniciativa-presentada-por-adolescente-istmena","status":"publish","type":"post","link":"https:\/\/zonaroja.com.mx\/?p=71552","title":{"rendered":"Aprueba el Congreso de Oaxaca iniciativa presentada por adolescente istme\u00f1a"},"content":{"rendered":"\n<p>Redacci\u00f3n\/Zona Roja Cdmx.<\/p>\n\n\n\n<p>Ciudad de M\u00e9xico, a 20 de agosto de 2024.- Bajo la premisa de reconocer el trabajo de las mujeres del estado que han pasado desapercibida, pese a su importante labor artesanal, el Congreso de Oaxaca aprob\u00f3 una iniciativa para considerar el 21 de octubre como el D\u00eda de la Bordadora y Tejedora.<\/p>\n\n\n\n<p>La propuesta fue presentada por la adolescente Azul Sicar\u00fa Morales Cruz, originaria de Juchit\u00e1n de Zaragoza, quien entrevist\u00f3 a un centenar de artesanas de la entidad.<\/p>\n\n\n\n<p>\u201cEl bordado y el tejido es una actividad que nos identifica a nivel internacional y la iniciativa nace precisamente porque al conocer m\u00e1s al respecto, la vida de 100 familias fundadoras y creadoras del Istmo, me pude percatar que hay muchos aspectos que no se dicen del bordado y del tejido y por esa raz\u00f3n la iniciativa para poder darles las herramientas y poder empezar a exigir lo que les corresponde\u201d, dijo en entrevista.<\/p>\n\n\n\n<p>Dijo que las prendas como el huipil istme\u00f1o, son ejemplo de historia, de identidad y sacrificio, \u201ces la vida de miles de familias bordadoras que luchan d\u00eda con d\u00eda para poder salir adelante\u201d.<\/p>\n\n\n\n<p>Por lo que con la iniciativa aprobada, presentada a trav\u00e9s de la diputada por Morena, Dennis Garc\u00eda Guti\u00e9rrez, les permite m\u00e1s all\u00e1 de un reconocimiento, tener una forma de hacer valer su sacrificio y una forma de empezar a contar sus historias y dignificarlas,<\/p>\n\n\n\n<p>\u201cEs un primer paso y la intenci\u00f3n es consolidar m\u00e1s estrategias para poder tener esa visibilizaci\u00f3n y reconocimiento que se merecen y otorgar ese honor y respeto a ese oficio tradicional que no hab\u00eda sido tomada en cuenta anteriormente\u201d, expuso la adolescente juchiteca.<\/p>\n\n\n\n<p>Azul Sicar\u00fa ha sido una pieza clave en este reconocimiento, al poner en valor la labor ancestral de estas mujeres, cuyas manos talentosas mantienen vivas nuestras ra\u00edces a trav\u00e9s de cada puntada y tejido.<\/p>\n\n\n\n<p>A partir de este a\u00f1o, cada 21 de octubre, Oaxaca rendir\u00e1 homenaje a todas esas manos que, con su arte, conectan con nuestro pasado y nos llenan de orgullo.&nbsp;<\/p>\n\n\n\n<p>Esta nueva conmemoraci\u00f3n busca no solo honrar a las artesanas, sino tambi\u00e9n resaltar la identidad oaxaque\u00f1a que se refleja en cada prenda hecha a mano, record\u00e1ndonos el valor de nuestras tradiciones.<\/p>\n\n\n\n<figure class=\"wp-block-embed is-type-rich is-provider-twitter wp-block-embed-twitter\"><div class=\"wp-block-embed__wrapper\">\n<div class=\"twitter-tweet\"><blockquote class=\"twitter-tweet\" data-lang=\"es\"><p lang=\"es\" dir=\"ltr\">\u201cEsta iniciativa m\u00e1s all\u00e1 de un reconocimiento, es una forma de hacer valer su sacrificio y es una forma de contar sus historias y dignificarlas\u201d.<br><br>Ella es Azul Sicar\u00fa Morales Cruz, de 17 a\u00f1os de edad y originaria de Juchit\u00e1n de Zaragoza, quien present\u00f3 una propuesta al Congreso,\u2026 <a href=\"https:\/\/t.co\/qobwimwsp2\">pic.twitter.com\/qobwimwsp2<\/a><\/p>&mdash; Zona Roja Oaxaca (@ZonaRoja_Oaxaca) <a href=\"https:\/\/twitter.com\/ZonaRoja_Oaxaca\/status\/1824587322068795612?ref_src=twsrc%5Etfw\">16 de agosto de 2024<\/a><\/blockquote><\/div>\n<\/div><\/figure>\n","protected":false},"excerpt":{"rendered":"<p>Redacci\u00f3n\/Zona Roja Cdmx. Ciudad de M\u00e9xico, a 20 de agosto de 2024.- Bajo la premisa&hellip;<\/p>\n","protected":false},"author":2,"featured_media":71554,"comment_status":"closed","ping_status":"open","sticky":false,"template":"","format":"standard","meta":{"_lmt_disableupdate":"","_lmt_disable":"","_jetpack_memberships_contains_paid_content":false,"footnotes":""},"categories":[109,46],"tags":[4035],"class_list":["post-71552","post","type-post","status-publish","format-standard","has-post-thumbnail","hentry","category-minuto-a-minuto","category-zona-blanca","tag-azul-sicaru-morales-cruz"],"jetpack_featured_media_url":"https:\/\/zonaroja.com.mx\/wp-content\/uploads\/2024\/08\/Azul-Sicaru-Morales-Cruz.jpg","jetpack_sharing_enabled":true,"_links":{"self":[{"href":"https:\/\/zonaroja.com.mx\/index.php?rest_route=\/wp\/v2\/posts\/71552","targetHints":{"allow":["GET"]}}],"collection":[{"href":"https:\/\/zonaroja.com.mx\/index.php?rest_route=\/wp\/v2\/posts"}],"about":[{"href":"https:\/\/zonaroja.com.mx\/index.php?rest_route=\/wp\/v2\/types\/post"}],"author":[{"embeddable":true,"href":"https:\/\/zonaroja.com.mx\/index.php?rest_route=\/wp\/v2\/users\/2"}],"replies":[{"embeddable":true,"href":"https:\/\/zonaroja.com.mx\/index.php?rest_route=%2Fwp%2Fv2%2Fcomments&post=71552"}],"version-history":[{"count":3,"href":"https:\/\/zonaroja.com.mx\/index.php?rest_route=\/wp\/v2\/posts\/71552\/revisions"}],"predecessor-version":[{"id":71560,"href":"https:\/\/zonaroja.com.mx\/index.php?rest_route=\/wp\/v2\/posts\/71552\/revisions\/71560"}],"wp:featuredmedia":[{"embeddable":true,"href":"https:\/\/zonaroja.com.mx\/index.php?rest_route=\/wp\/v2\/media\/71554"}],"wp:attachment":[{"href":"https:\/\/zonaroja.com.mx\/index.php?rest_route=%2Fwp%2Fv2%2Fmedia&parent=71552"}],"wp:term":[{"taxonomy":"category","embeddable":true,"href":"https:\/\/zonaroja.com.mx\/index.php?rest_route=%2Fwp%2Fv2%2Fcategories&post=71552"},{"taxonomy":"post_tag","embeddable":true,"href":"https:\/\/zonaroja.com.mx\/index.php?rest_route=%2Fwp%2Fv2%2Ftags&post=71552"}],"curies":[{"name":"wp","href":"https:\/\/api.w.org\/{rel}","templated":true}]}}