{"id":71556,"date":"2024-08-20T07:22:00","date_gmt":"2024-08-20T13:22:00","guid":{"rendered":"https:\/\/zonaroja.com.mx\/?p=71556"},"modified":"2024-08-20T06:24:04","modified_gmt":"2024-08-20T12:24:04","slug":"paralizada-la-justicia-en-mexico-se-unen-jueces-y-magistrados","status":"publish","type":"post","link":"https:\/\/zonaroja.com.mx\/?p=71556","title":{"rendered":"Paralizada la justicia en M\u00e9xico; se unen jueces y magistrados"},"content":{"rendered":"\n<p>Redacci\u00f3n\/Zona Roja Cdmx.<\/p>\n\n\n\n<p>Ciudad de M\u00e9xico, a 20 de agosto de 2024.- La Asociaci\u00f3n Nacional de Magistrados de Circuito y Jueces de Distrito del Poder Judicial (Jufed) iniciar\u00e1 un paro de labores indefinido el primer minuto del pr\u00f3ximo mi\u00e9rcoles 21 de agosto, en todos los juzgados y tribunales federales del pa\u00eds.<\/p>\n\n\n\n<p>Los jueces y magistrados se unir\u00e1n a la suspensi\u00f3n de actividades que iniciaron la madrugada de hoy trabajadores del Poder Judicial de la Federaci\u00f3n (PJF) en m\u00e1s de 20 entidades del pa\u00eds.&nbsp;<\/p>\n\n\n\n<p>Este lunes, la Jufed llev\u00f3 a cabo votaciones para determinar la suspensi\u00f3n temporal de las actividades jurisdiccionales derivada de la iniciativa de Reforma Judicial presentada por el Poder Ejecutivo, misma que ser\u00e1 discutida por el Poder Legislativo.<\/p>\n\n\n\n<p>De acuerdo con los resultados dados a conocer despu\u00e9s de las 9:30 de la noche, de un universo de mil 403 juzgadores, mil 202 votaron por SI realizar la suspensi\u00f3n de las actividades jurisdiccionales y 201 por el NO.<\/p>\n\n\n\n<p>\u201cEsta decisi\u00f3n es de vital trascendencia en la defensa de la autonom\u00eda del Poder Judicial de la Federaci\u00f3n, pilar de nuestro sistema democr\u00e1tico y por ello hoy, personas trabajadoras y juzgadoras hemos decido defender en unidad: la Rep\u00fablica, la independencia judicial y la divisi\u00f3n de poderes para garantizar el futuro de las generaciones venideras\u201d.<\/p>\n\n\n\n<p>Durante el sufragio en el que participaron las personas juzgadoras en la consulta se les pregunt\u00f3: \u00bfEst\u00e1s de acuerdo con la suspensi\u00f3n de actividades jurisdiccionales quedando solamente guardias para la atenci\u00f3n de casos urgentes?<\/p>\n\n\n\n<p>La votaci\u00f3n se realizo v\u00eda electr\u00f3nica mediante la liga correspondiente que se remiti\u00f3 a los correos institucionales de cada titular, que a su vez dirigieron al sistema \u201cMicrosoft Forms\u00bb, donde se sufrag\u00f3.<\/p>\n\n\n\n<p>La liga se remiti\u00f3 el viernes 16 de agosto una vez que se public\u00f3 la convocatoria y se habilit\u00f3 para la votaci\u00f3n este lunes. El voto fue personal, libre y secreto y se garantiz\u00f3 el absoluto anonimato y el sentido de la votaci\u00f3n, seg\u00fan la Jufed.<\/p>\n\n\n\n<p>La suspensi\u00f3n de labores dar\u00e1 inicio a las 00:00 horas del d\u00eda mi\u00e9rcoles 21 de agosto de 2024 y continuar\u00e1, \u201chasta que se cumplan nuestras peticiones, y dicha suspensi\u00f3n se levantar\u00e1 con la aprobaci\u00f3n de las Mesas Directivas Nacional y Regionales\u201d, afirm\u00f3 la Jufed hace unos d\u00edas.<\/p>\n\n\n\n<p>(Informaci\u00f3n de \u201cLa Jornada\u201d)<\/p>\n","protected":false},"excerpt":{"rendered":"<p>Redacci\u00f3n\/Zona Roja Cdmx. Ciudad de M\u00e9xico, a 20 de agosto de 2024.- La Asociaci\u00f3n Nacional&hellip;<\/p>\n","protected":false},"author":2,"featured_media":71557,"comment_status":"closed","ping_status":"open","sticky":false,"template":"","format":"standard","meta":{"_lmt_disableupdate":"","_lmt_disable":"","_jetpack_memberships_contains_paid_content":false,"footnotes":""},"categories":[109,47],"tags":[4033],"class_list":["post-71556","post","type-post","status-publish","format-standard","has-post-thumbnail","hentry","category-minuto-a-minuto","category-zona-gris","tag-paro-poder-judicial-de-la-federacion"],"jetpack_featured_media_url":"https:\/\/zonaroja.com.mx\/wp-content\/uploads\/2024\/08\/Paro-de-labores-Poder-Judicial-protesta.jpeg","jetpack_sharing_enabled":true,"_links":{"self":[{"href":"https:\/\/zonaroja.com.mx\/index.php?rest_route=\/wp\/v2\/posts\/71556","targetHints":{"allow":["GET"]}}],"collection":[{"href":"https:\/\/zonaroja.com.mx\/index.php?rest_route=\/wp\/v2\/posts"}],"about":[{"href":"https:\/\/zonaroja.com.mx\/index.php?rest_route=\/wp\/v2\/types\/post"}],"author":[{"embeddable":true,"href":"https:\/\/zonaroja.com.mx\/index.php?rest_route=\/wp\/v2\/users\/2"}],"replies":[{"embeddable":true,"href":"https:\/\/zonaroja.com.mx\/index.php?rest_route=%2Fwp%2Fv2%2Fcomments&post=71556"}],"version-history":[{"count":1,"href":"https:\/\/zonaroja.com.mx\/index.php?rest_route=\/wp\/v2\/posts\/71556\/revisions"}],"predecessor-version":[{"id":71558,"href":"https:\/\/zonaroja.com.mx\/index.php?rest_route=\/wp\/v2\/posts\/71556\/revisions\/71558"}],"wp:featuredmedia":[{"embeddable":true,"href":"https:\/\/zonaroja.com.mx\/index.php?rest_route=\/wp\/v2\/media\/71557"}],"wp:attachment":[{"href":"https:\/\/zonaroja.com.mx\/index.php?rest_route=%2Fwp%2Fv2%2Fmedia&parent=71556"}],"wp:term":[{"taxonomy":"category","embeddable":true,"href":"https:\/\/zonaroja.com.mx\/index.php?rest_route=%2Fwp%2Fv2%2Fcategories&post=71556"},{"taxonomy":"post_tag","embeddable":true,"href":"https:\/\/zonaroja.com.mx\/index.php?rest_route=%2Fwp%2Fv2%2Ftags&post=71556"}],"curies":[{"name":"wp","href":"https:\/\/api.w.org\/{rel}","templated":true}]}}