{"id":71564,"date":"2024-08-20T09:21:00","date_gmt":"2024-08-20T15:21:00","guid":{"rendered":"https:\/\/zonaroja.com.mx\/?p=71564"},"modified":"2024-08-20T08:23:41","modified_gmt":"2024-08-20T14:23:41","slug":"desde-1993-prohibicion-en-comunidad-oaxaquena-para-profesar-otra-religion","status":"publish","type":"post","link":"https:\/\/zonaroja.com.mx\/?p=71564","title":{"rendered":"Desde 1993, prohibici\u00f3n en comunidad oaxaque\u00f1a para profesar otra religi\u00f3n"},"content":{"rendered":"\n<p>Ismael Garc\u00eda M.\/Zona Roja.<\/p>\n\n\n\n<p>Oaxaca de Ju\u00e1rez, Oax., a 20 de agosto de 2024.- Desde el 2 de octubre del a\u00f1o 1993, la agencia de San Isidro El Arenal, municipio de San Juan Lalana, Oaxaca, tiene prohibido a la poblaci\u00f3n profesar otra fe ajena a la cat\u00f3lica, \u201cpara evitar divisiones\u201d.<\/p>\n\n\n\n<p>Y fue el 15 de junio pasado en que la comunidad reafirm\u00f3 en asamblea dicha determinaci\u00f3n, con lo cual se ha agudizado la intolerancia religiosa en esa localidad, que ha derivado en quema de un templo, detenci\u00f3n y encarcelamiento de cristianos evang\u00e9licos y amenazas de expulsi\u00f3n.<\/p>\n\n\n\n<p>El dato lo confirm\u00f3 ayer el titular de la Secretar\u00eda de Gobierno (Sego), Jes\u00fas Romero L\u00f3pez, quien dijo que ese caso se suma a 14 conflictos religiosos m\u00e1s que se han atendido en la entidad.<\/p>\n\n\n\n<p>Durante la conferencia de prensa del gobernador Salom\u00f3n Jara Cruz ofrecida ayer, precis\u00f3 que en noviembre pasado reinici\u00f3 la problem\u00e1tica y el 6 de agosto se produjo un ataque en la rancher\u00eda Cerro Caj\u00f3n, donde se quem\u00f3 un templo y se robaron tel\u00e9fonos y ganado, adem\u00e1s de que destruyeron \u00e1rboles y cosechas.<\/p>\n\n\n\n<p>El 9 de agosto se llev\u00f3 a cabo una asamblea en San Isidro El Arenal, donde San Juan Lalana invit\u00f3 a la autoridad auxiliar a dialogar para resolver el conflicto pero la asamblea decidi\u00f3 no participar en las reuniones.<\/p>\n\n\n\n<p>Adem\u00e1s, amenaz\u00f3 a los los habitantes que profesaban otra religi\u00f3n distinta a la cat\u00f3lica, que ten\u00edan que abandonar la comunidad. El funcionario indic\u00f3 que en el a\u00f1o 2023 se efectuaron dos mesas de trabajo acerca de esta problem\u00e1tica y este a\u00f1o van cuatro reuniones entre las partes.<\/p>\n\n\n\n<p>Agreg\u00f3 que el 16 de agosto se llev\u00f3 a cabo una diligencia por parte de la Fiscal\u00eda General del Estado pero la comunidad procedi\u00f3 a la detenci\u00f3n de cuatro personas de la fe evang\u00e9lica y las recluy\u00f3 en la c\u00e1rcel local; este martes habr\u00eda una nueva reuni\u00f3n de trabajo.<\/p>\n\n\n\n<p>Romero L\u00f3pez precis\u00f3 que en la entidad hay conflictos de intolerancia religiosa en 14 puntos m\u00e1s y los que contin\u00faan activos, con alta complejidad son los de Cerro Caj\u00f3n, Lalana; San Juan Yaee, Yatzona y San Andr\u00e9s Solaga.<\/p>\n\n\n\n<p>Mencion\u00f3 que entre los casos que se han atendido y resuelto se encuentran Montenegro, Valle Nacional; Paso Hidalgo, San Juan Lalana; San Mart\u00edn Arroyo, Lalana; Santiago Apoala, San Antonio Huitepec, Parroquia de la agencia de Santa Rosa Panzacola, Oaxaca de Ju\u00e1rez.<\/p>\n\n\n\n<p>San Jer\u00f3nimo Nuchita, San Jos\u00e9 Quianitas, Vista Hermosa, San Marcos Arteaga; San Raymundo Jalpan y Tlalixtac de Cabrera.<\/p>\n","protected":false},"excerpt":{"rendered":"<p>Ismael Garc\u00eda M.\/Zona Roja. Oaxaca de Ju\u00e1rez, Oax., a 20 de agosto de 2024.- Desde&hellip;<\/p>\n","protected":false},"author":2,"featured_media":71565,"comment_status":"closed","ping_status":"open","sticky":false,"template":"","format":"standard","meta":{"_lmt_disableupdate":"","_lmt_disable":"","_jetpack_memberships_contains_paid_content":false,"footnotes":""},"categories":[109,47],"tags":[1372],"class_list":["post-71564","post","type-post","status-publish","format-standard","has-post-thumbnail","hentry","category-minuto-a-minuto","category-zona-gris","tag-intolerancia-religiosa-oaxaca"],"jetpack_featured_media_url":"https:\/\/zonaroja.com.mx\/wp-content\/uploads\/2024\/08\/San-Juan-Lalana.jpeg","jetpack_sharing_enabled":true,"_links":{"self":[{"href":"https:\/\/zonaroja.com.mx\/index.php?rest_route=\/wp\/v2\/posts\/71564","targetHints":{"allow":["GET"]}}],"collection":[{"href":"https:\/\/zonaroja.com.mx\/index.php?rest_route=\/wp\/v2\/posts"}],"about":[{"href":"https:\/\/zonaroja.com.mx\/index.php?rest_route=\/wp\/v2\/types\/post"}],"author":[{"embeddable":true,"href":"https:\/\/zonaroja.com.mx\/index.php?rest_route=\/wp\/v2\/users\/2"}],"replies":[{"embeddable":true,"href":"https:\/\/zonaroja.com.mx\/index.php?rest_route=%2Fwp%2Fv2%2Fcomments&post=71564"}],"version-history":[{"count":1,"href":"https:\/\/zonaroja.com.mx\/index.php?rest_route=\/wp\/v2\/posts\/71564\/revisions"}],"predecessor-version":[{"id":71566,"href":"https:\/\/zonaroja.com.mx\/index.php?rest_route=\/wp\/v2\/posts\/71564\/revisions\/71566"}],"wp:featuredmedia":[{"embeddable":true,"href":"https:\/\/zonaroja.com.mx\/index.php?rest_route=\/wp\/v2\/media\/71565"}],"wp:attachment":[{"href":"https:\/\/zonaroja.com.mx\/index.php?rest_route=%2Fwp%2Fv2%2Fmedia&parent=71564"}],"wp:term":[{"taxonomy":"category","embeddable":true,"href":"https:\/\/zonaroja.com.mx\/index.php?rest_route=%2Fwp%2Fv2%2Fcategories&post=71564"},{"taxonomy":"post_tag","embeddable":true,"href":"https:\/\/zonaroja.com.mx\/index.php?rest_route=%2Fwp%2Fv2%2Ftags&post=71564"}],"curies":[{"name":"wp","href":"https:\/\/api.w.org\/{rel}","templated":true}]}}