{"id":71567,"date":"2024-08-20T12:24:00","date_gmt":"2024-08-20T18:24:00","guid":{"rendered":"https:\/\/zonaroja.com.mx\/?p=71567"},"modified":"2024-08-20T08:25:45","modified_gmt":"2024-08-20T14:25:45","slug":"asegura-gobierno-que-disminuye-en-oaxaca-21-2-la-incidencia-delictiva","status":"publish","type":"post","link":"https:\/\/zonaroja.com.mx\/?p=71567","title":{"rendered":"Asegura gobierno que disminuye en Oaxaca 21.2% la incidencia delictiva\u00a0"},"content":{"rendered":"\n<p>Redacci\u00f3n\/Zona Roja.<\/p>\n\n\n\n<p>Oaxaca de Ju\u00e1rez, Oax., a 20 de agosto de 2024.- La Secretar\u00eda de Seguridad y Protecci\u00f3n Ciudadana (SSPC) informa que de acuerdo con el informe de la Fiscal\u00eda General del Estado de Oaxaca (FGEO), de enero a julio de 2024, Oaxaca registr\u00f3 una disminuci\u00f3n del 21.2 por ciento en delitos de alto impacto, respecto al mismo periodo de 2023.<\/p>\n\n\n\n<p>Detalla que en 2023 se registraron un total 10 mil 600 incidencias, mientras que en 2024 fueron 8 mil 356; lo que representa la disminuci\u00f3n de 2 mil 244 casos y la efectividad de la estrategia coordinada en materia de seguridad por los organismos corresponsables en la materia.<\/p>\n\n\n\n<p>Entre los delitos con indicadores a la baja se encuentran feminicidio, secuestro, violaci\u00f3n simple y equiparada, robo a casa habitaci\u00f3n, robo de veh\u00edculo de motor, robo a transe\u00fante, robo a negocio, extorsi\u00f3n, violencia familiar y trata de personas.<\/p>\n\n\n\n<p>En ese mismo lapso, la FGEO abri\u00f3 26 mil 593 carpetas de investigaci\u00f3n correspondientes al 2023 y 23 mil 538 en lo que va de 2024; es decir, 3 mil 55 carpetas menos durante la presente anualidad.<\/p>\n\n\n\n<p>De esta manera, la administraci\u00f3n que encabeza Salom\u00f3n Jara Cruz, reitera su compromiso compartido con los distintos \u00f3rdenes de gobierno para hacer posible Un Nuevo Pacto Social en Oaxaca.<\/p>\n","protected":false},"excerpt":{"rendered":"<p>Redacci\u00f3n\/Zona Roja. Oaxaca de Ju\u00e1rez, Oax., a 20 de agosto de 2024.- La Secretar\u00eda de&hellip;<\/p>\n","protected":false},"author":2,"featured_media":68915,"comment_status":"closed","ping_status":"open","sticky":false,"template":"","format":"standard","meta":{"_lmt_disableupdate":"","_lmt_disable":"","_jetpack_memberships_contains_paid_content":false,"footnotes":""},"categories":[109,46],"tags":[],"class_list":["post-71567","post","type-post","status-publish","format-standard","has-post-thumbnail","hentry","category-minuto-a-minuto","category-zona-blanca"],"jetpack_featured_media_url":"https:\/\/zonaroja.com.mx\/wp-content\/uploads\/2024\/05\/Patrullajes-operativos-patrulla-Policia-Estatal.jpg","jetpack_sharing_enabled":true,"_links":{"self":[{"href":"https:\/\/zonaroja.com.mx\/index.php?rest_route=\/wp\/v2\/posts\/71567","targetHints":{"allow":["GET"]}}],"collection":[{"href":"https:\/\/zonaroja.com.mx\/index.php?rest_route=\/wp\/v2\/posts"}],"about":[{"href":"https:\/\/zonaroja.com.mx\/index.php?rest_route=\/wp\/v2\/types\/post"}],"author":[{"embeddable":true,"href":"https:\/\/zonaroja.com.mx\/index.php?rest_route=\/wp\/v2\/users\/2"}],"replies":[{"embeddable":true,"href":"https:\/\/zonaroja.com.mx\/index.php?rest_route=%2Fwp%2Fv2%2Fcomments&post=71567"}],"version-history":[{"count":1,"href":"https:\/\/zonaroja.com.mx\/index.php?rest_route=\/wp\/v2\/posts\/71567\/revisions"}],"predecessor-version":[{"id":71568,"href":"https:\/\/zonaroja.com.mx\/index.php?rest_route=\/wp\/v2\/posts\/71567\/revisions\/71568"}],"wp:featuredmedia":[{"embeddable":true,"href":"https:\/\/zonaroja.com.mx\/index.php?rest_route=\/wp\/v2\/media\/68915"}],"wp:attachment":[{"href":"https:\/\/zonaroja.com.mx\/index.php?rest_route=%2Fwp%2Fv2%2Fmedia&parent=71567"}],"wp:term":[{"taxonomy":"category","embeddable":true,"href":"https:\/\/zonaroja.com.mx\/index.php?rest_route=%2Fwp%2Fv2%2Fcategories&post=71567"},{"taxonomy":"post_tag","embeddable":true,"href":"https:\/\/zonaroja.com.mx\/index.php?rest_route=%2Fwp%2Fv2%2Ftags&post=71567"}],"curies":[{"name":"wp","href":"https:\/\/api.w.org\/{rel}","templated":true}]}}