{"id":71574,"date":"2024-08-20T16:57:17","date_gmt":"2024-08-20T22:57:17","guid":{"rendered":"https:\/\/zonaroja.com.mx\/?p=71574"},"modified":"2024-08-20T16:57:18","modified_gmt":"2024-08-20T22:57:18","slug":"violencia-imparable-en-juchitan-ejecutan-a-taxista-y-lesionan-a-mujer","status":"publish","type":"post","link":"https:\/\/zonaroja.com.mx\/?p=71574","title":{"rendered":"Violencia imparable en Juchit\u00e1n: ejecutan a taxista y lesionan a mujer"},"content":{"rendered":"\n<p>Raymundo Morales\/Zona Roja.<\/p>\n\n\n\n<p>Oaxaca de Ju\u00e1rez, Oax., a 20 de agosto de 2024.- Ante la pasividad y complacencia del presidente municipal morenista Miguel S\u00e1nchez Altamirano, la ola criminal se extiende en Juchit\u00e1n de Zaragoza.<\/p>\n\n\n\n<p>Este mediod\u00eda en el barrio Octava Secci\u00f3n fue ejecutado un mototaxistas en el interior de su unidad de motor, mientras que una mujer result\u00f3 lesionada de gravedad y trasladada a un hospital.<\/p>\n\n\n\n<p>La v\u00edctima fue identificada como Andr\u00e9s Alexis V. O., de 21 a\u00f1os de edad; hasta el momento se desconoce el m\u00f3vil de la agresi\u00f3n y no hab\u00eda polic\u00edas municipales en la zona para detener a los agresores.<\/p>\n\n\n\n<p>El mototaxista transitaba con su veh\u00edculo sobre la ribera del r\u00edo \u201cLos Perros\u201d a la altura del vado, entre la Primera y la Octava Secci\u00f3n, cuando fue acribillado a balazos.<\/p>\n\n\n\n<p>Los familiares llegaron antes que los polic\u00edas por lo cual recogieron el cuerpo sin vida y lo trasladaron a su domicilio; posteriormente arrib\u00f3 personal de la Vicefiscal\u00eda Regional del Istmo, con la finalidad de iniciar las indagatorias correspondientes.<\/p>\n\n\n\n<p>Apenas el pasado fin de semana fue atacado a balazos otro individuo, en el pante\u00f3n \u201cDomingo de Ramos\u201d, y falleci\u00f3 en un nosocomio mientras recib\u00eda atenci\u00f3n m\u00e9dica.<\/p>\n\n\n\n<p>Pese a los hechos violentos, hasta el momento la autoridad municipal no ha reforzado la seguridad de los ciudadanos.<\/p>\n","protected":false},"excerpt":{"rendered":"<p>Raymundo Morales\/Zona Roja. Oaxaca de Ju\u00e1rez, Oax., a 20 de agosto de 2024.- Ante la&hellip;<\/p>\n","protected":false},"author":2,"featured_media":71575,"comment_status":"closed","ping_status":"open","sticky":false,"template":"","format":"standard","meta":{"_lmt_disableupdate":"","_lmt_disable":"","_jetpack_memberships_contains_paid_content":false,"footnotes":""},"categories":[109,47],"tags":[123],"class_list":["post-71574","post","type-post","status-publish","format-standard","has-post-thumbnail","hentry","category-minuto-a-minuto","category-zona-gris","tag-juchitan-de-zaragoza"],"jetpack_featured_media_url":"https:\/\/zonaroja.com.mx\/wp-content\/uploads\/2024\/08\/Ejecutdo-mototaxista-Juchitan.jpg","jetpack_sharing_enabled":true,"_links":{"self":[{"href":"https:\/\/zonaroja.com.mx\/index.php?rest_route=\/wp\/v2\/posts\/71574","targetHints":{"allow":["GET"]}}],"collection":[{"href":"https:\/\/zonaroja.com.mx\/index.php?rest_route=\/wp\/v2\/posts"}],"about":[{"href":"https:\/\/zonaroja.com.mx\/index.php?rest_route=\/wp\/v2\/types\/post"}],"author":[{"embeddable":true,"href":"https:\/\/zonaroja.com.mx\/index.php?rest_route=\/wp\/v2\/users\/2"}],"replies":[{"embeddable":true,"href":"https:\/\/zonaroja.com.mx\/index.php?rest_route=%2Fwp%2Fv2%2Fcomments&post=71574"}],"version-history":[{"count":1,"href":"https:\/\/zonaroja.com.mx\/index.php?rest_route=\/wp\/v2\/posts\/71574\/revisions"}],"predecessor-version":[{"id":71576,"href":"https:\/\/zonaroja.com.mx\/index.php?rest_route=\/wp\/v2\/posts\/71574\/revisions\/71576"}],"wp:featuredmedia":[{"embeddable":true,"href":"https:\/\/zonaroja.com.mx\/index.php?rest_route=\/wp\/v2\/media\/71575"}],"wp:attachment":[{"href":"https:\/\/zonaroja.com.mx\/index.php?rest_route=%2Fwp%2Fv2%2Fmedia&parent=71574"}],"wp:term":[{"taxonomy":"category","embeddable":true,"href":"https:\/\/zonaroja.com.mx\/index.php?rest_route=%2Fwp%2Fv2%2Fcategories&post=71574"},{"taxonomy":"post_tag","embeddable":true,"href":"https:\/\/zonaroja.com.mx\/index.php?rest_route=%2Fwp%2Fv2%2Ftags&post=71574"}],"curies":[{"name":"wp","href":"https:\/\/api.w.org\/{rel}","templated":true}]}}