{"id":71577,"date":"2024-08-21T10:30:00","date_gmt":"2024-08-21T16:30:00","guid":{"rendered":"https:\/\/zonaroja.com.mx\/?p=71577"},"modified":"2024-08-21T07:14:35","modified_gmt":"2024-08-21T13:14:35","slug":"dan-30-anos-de-prision-a-homicida-de-la-sierra-sur-de-oaxaca","status":"publish","type":"post","link":"https:\/\/zonaroja.com.mx\/?p=71577","title":{"rendered":"Dan 30 a\u00f1os de prisi\u00f3n a homicida de la Sierra Sur de Oaxaca"},"content":{"rendered":"\n<p>Redacci\u00f3n\/Zona Roja.<\/p>\n\n\n\n<p>Oaxaca de Ju\u00e1rez, Oax. 21 \u00a0agosto de 2024.- Derivado del trabajo ministerial que realiza la Fiscal\u00eda General del Estado de Oaxaca (FGEO) se obtuvo sentencia condenatoria de 30 a\u00f1os de prisi\u00f3n contra una persona del sexo masculino identificado como Heriberto. Z.R., por su responsabilidad en la comisi\u00f3n del delito de Homicidio Calificado con Ventaja en agravio de A.R.D., en hechos ocurridos en la regi\u00f3n de la Sierra Sur.<\/p>\n\n\n\n<p>De acuerdo con lo asentado en el expediente penal, los hechos ocurrieron el 30 de agosto de 2018, cuando la v\u00edctima se encontraba en un camino de terracer\u00eda que conduce a la localidad de Tobal\u00e1 perteneciente a Santiago Minas del distrito de Sola de Vega, lugar donde lleg\u00f3 Heriberto. Z.R., y la atac\u00f3 con disparos de arma de fuego infligiendo lesiones en su cuerpo que le ocasionaron la muerte.<\/p>\n\n\n\n<p>Ante estos hechos, la FGEO inici\u00f3 las labores ministeriales a trav\u00e9s de la Vicefiscal\u00eda General de Control Regional, que estableci\u00f3 s\u00f3lidas l\u00edneas de investigaci\u00f3n las cuales permitieron obtener una orden de aprehensi\u00f3n contra el imputado para despu\u00e9s presentarlo ante el juzgado correspondiente.<\/p>\n\n\n\n<p>Luego que esta instancia procuradora de justicia aportar\u00e1 los datos de prueba sobre el caso, el Juez que atiende la causa, evalu\u00f3 el expediente y dict\u00f3 sentencia condenatoria de 30 a\u00f1os de prisi\u00f3n contra Heriberto Z.R., por su responsabilidad en la comisi\u00f3n del delito de Homicidio Calificado con Ventaja e impuso el pago de m\u00e1s de 400 mil pesos por concepto de reparaci\u00f3n del da\u00f1o en favor de la v\u00edctima indirecta.<\/p>\n\n\n\n<p>VINCULADO A PROCESO&nbsp;<\/p>\n\n\n\n<p>En otro caso, la Fiscal\u00eda General logr\u00f3 auto de vinculaci\u00f3n a proceso y prisi\u00f3n preventiva en contra de una persona del sexo masculino identificado como A.C.R., imputado por el delito de Abuso Sexual cometido en la regi\u00f3n de la Costa.<\/p>\n\n\n\n<p>Los hechos, de acuerdo con la denuncia asentada en el expediente penal del caso, ocurrieron cuando la v\u00edctima se encontraba durmiendo al interior de un domicilio ubicado en la calle Porfirio D\u00edaz de la Colonia Monte Oscuro de Bajos de Chila, perteneciente a San Pedro Mixtepec.<\/p>\n\n\n\n<p>El expediente detalla que el agresor ingres\u00f3 al domicilio y, mientras la v\u00edctima dorm\u00eda, aprovech\u00f3 para agredirla de manera sexual.<\/p>\n\n\n\n<p>Tras estos hechos y derivado de la denuncia interpuesta, la FGEO inici\u00f3 las investigaciones correspondientes a trav\u00e9s de la Vicefiscal\u00eda Regional de la Costa, las cuales permitieron obtener una orden de aprehensi\u00f3n contra el imputado para despu\u00e9s presentarlo ante la autoridad que lo requiri\u00f3.<\/p>\n\n\n\n<p>Gracias a los resultados del trabajo multidisciplinario que la FGEO aport\u00f3, el Juez tuvo los elementos jur\u00eddicos para lograr vincular a proceso a A.C.R., otorg\u00e1ndo un plazo de dos meses para el cierre de la investigaci\u00f3n complementaria.<\/p>\n","protected":false},"excerpt":{"rendered":"<p>Redacci\u00f3n\/Zona Roja. Oaxaca de Ju\u00e1rez, Oax. 21 \u00a0agosto de 2024.- Derivado del trabajo ministerial que&hellip;<\/p>\n","protected":false},"author":2,"featured_media":68561,"comment_status":"closed","ping_status":"open","sticky":false,"template":"","format":"standard","meta":{"_lmt_disableupdate":"","_lmt_disable":"","_jetpack_memberships_contains_paid_content":false,"footnotes":""},"categories":[109,46],"tags":[494],"class_list":["post-71577","post","type-post","status-publish","format-standard","has-post-thumbnail","hentry","category-minuto-a-minuto","category-zona-blanca","tag-fiscalia-general-del-estado-de-oaxaca"],"jetpack_featured_media_url":"https:\/\/zonaroja.com.mx\/wp-content\/uploads\/2024\/05\/Encarcelados-carcel-prision.jpeg","jetpack_sharing_enabled":true,"_links":{"self":[{"href":"https:\/\/zonaroja.com.mx\/index.php?rest_route=\/wp\/v2\/posts\/71577","targetHints":{"allow":["GET"]}}],"collection":[{"href":"https:\/\/zonaroja.com.mx\/index.php?rest_route=\/wp\/v2\/posts"}],"about":[{"href":"https:\/\/zonaroja.com.mx\/index.php?rest_route=\/wp\/v2\/types\/post"}],"author":[{"embeddable":true,"href":"https:\/\/zonaroja.com.mx\/index.php?rest_route=\/wp\/v2\/users\/2"}],"replies":[{"embeddable":true,"href":"https:\/\/zonaroja.com.mx\/index.php?rest_route=%2Fwp%2Fv2%2Fcomments&post=71577"}],"version-history":[{"count":2,"href":"https:\/\/zonaroja.com.mx\/index.php?rest_route=\/wp\/v2\/posts\/71577\/revisions"}],"predecessor-version":[{"id":71596,"href":"https:\/\/zonaroja.com.mx\/index.php?rest_route=\/wp\/v2\/posts\/71577\/revisions\/71596"}],"wp:featuredmedia":[{"embeddable":true,"href":"https:\/\/zonaroja.com.mx\/index.php?rest_route=\/wp\/v2\/media\/68561"}],"wp:attachment":[{"href":"https:\/\/zonaroja.com.mx\/index.php?rest_route=%2Fwp%2Fv2%2Fmedia&parent=71577"}],"wp:term":[{"taxonomy":"category","embeddable":true,"href":"https:\/\/zonaroja.com.mx\/index.php?rest_route=%2Fwp%2Fv2%2Fcategories&post=71577"},{"taxonomy":"post_tag","embeddable":true,"href":"https:\/\/zonaroja.com.mx\/index.php?rest_route=%2Fwp%2Fv2%2Ftags&post=71577"}],"curies":[{"name":"wp","href":"https:\/\/api.w.org\/{rel}","templated":true}]}}