{"id":71587,"date":"2024-08-20T22:01:32","date_gmt":"2024-08-21T04:01:32","guid":{"rendered":"https:\/\/zonaroja.com.mx\/?p=71587"},"modified":"2024-08-20T22:01:34","modified_gmt":"2024-08-21T04:01:34","slug":"acumula-oaxaca-cinco-protestas-con-bloqueos-viales-durante-el-martes","status":"publish","type":"post","link":"https:\/\/zonaroja.com.mx\/?p=71587","title":{"rendered":"Acumula Oaxaca cinco protestas con bloqueos viales durante el martes"},"content":{"rendered":"\n<p>Raymundo Morales\/Zona Roja.<\/p>\n\n\n\n<p>Oaxaca de Ju\u00e1rez, Oax., a 20 de agosto de 2024.- Al menos cinco protestas se registraron este martes en Oaxaca, que incluyeron bloqueo de vialidades, en las regiones Valles Centrales,Cuenca Istmo de Tehuantepec y Mixteca.<\/p>\n\n\n\n<p>Cristianos evang\u00e9licos de la rancher\u00eda Cerro Caj\u00f3n, del municipio de San Juan Lalana, protestaron hoy de manera pac\u00edfica en la localidad de San Lorenzo, para denunciar tardanza por parte de las autoridades en iniciar una mesa de di\u00e1logo.<\/p>\n\n\n\n<p>Asimismo, para exigir un cese definitivo en contra de quienes profesan una fe distinta a la cat\u00f3lica, pues en las \u00faltimas semanas ha habido una serie de agresiones.<\/p>\n\n\n\n<p>Por la ma\u00f1ana, taxistas de sitios colectivos de comunidades del sur de la capital, principalmente de Reyes Mantec\u00f3n, San Bartolo Coyotepec, cerraron las vialidades alternas al complejo gubernamental de Ciudad Judicial.<\/p>\n\n\n\n<p>Lo anterior con la finalidad de rechazar la ruta del Citybus del centro de la ciudad de Oaxaca hacia dicho sitio, pues consideran que ser\u00eda competencia que les restar\u00eda pasajes. No hubo informaci\u00f3n de la Secretar\u00eda de Movilidad estatal acerca de la negociaci\u00f3n para desactivar la protesta.<\/p>\n\n\n\n<p>Tambi\u00e9n transportistas \u201calternativos\u201d de la regi\u00f3n Mixteca, afiliados al movimiento \u201cLubizha\u201d, cerraron diversas vialidades aleda\u00f1as a Huajuapan de Le\u00f3n, bajo el argumento de acoso por parte de la Guardia Nacional.<\/p>\n\n\n\n<p>Amagaron con tomar determinaciones m\u00e1s radicales en caso de no recibir atenci\u00f3n a su queja, aunque de acuerdo con las autoridades, no hab\u00eda argumento para sus demandas.<\/p>\n\n\n\n<p>Tambi\u00e9n en Huajuapan, desde hace varios d\u00edas militantes del Frente Nacional Ind\u00edgena Campesino (FNIC) protestan en diversas dependencias del gobierno de la regi\u00f3n Mixteca, en demanda de justicia por el presunto asesinato de su dirigente, Arturo Pimentel Salas.<\/p>\n\n\n\n<p>Las movilizaciones las han mantenido en Huajuapan, Asunci\u00f3n Nochixtl\u00e1n, Santiago Juxtlahuaca y Pinotepa Nacional.<\/p>\n\n\n\n<p>Por \u00faltimo, un bloqueo carretero se instal\u00f3 por varias horas en la carretera Panamericanas a la altura del kil\u00f3metro 67, cerca de Santo Domingo Zanatepec, por parte de transportistas de materiales, sin precisar a detalle sus demandas.<\/p>\n","protected":false},"excerpt":{"rendered":"<p>Raymundo Morales\/Zona Roja. Oaxaca de Ju\u00e1rez, Oax., a 20 de agosto de 2024.- Al menos&hellip;<\/p>\n","protected":false},"author":2,"featured_media":71588,"comment_status":"closed","ping_status":"open","sticky":false,"template":"","format":"standard","meta":{"_lmt_disableupdate":"","_lmt_disable":"","_jetpack_memberships_contains_paid_content":false,"footnotes":""},"categories":[47],"tags":[1975],"class_list":["post-71587","post","type-post","status-publish","format-standard","has-post-thumbnail","hentry","category-zona-gris","tag-bloqueos-carreteros-oaxaca"],"jetpack_featured_media_url":"https:\/\/zonaroja.com.mx\/wp-content\/uploads\/2024\/08\/Bloqueos-y-protestas-Oaxaca.jpg","jetpack_sharing_enabled":true,"_links":{"self":[{"href":"https:\/\/zonaroja.com.mx\/index.php?rest_route=\/wp\/v2\/posts\/71587","targetHints":{"allow":["GET"]}}],"collection":[{"href":"https:\/\/zonaroja.com.mx\/index.php?rest_route=\/wp\/v2\/posts"}],"about":[{"href":"https:\/\/zonaroja.com.mx\/index.php?rest_route=\/wp\/v2\/types\/post"}],"author":[{"embeddable":true,"href":"https:\/\/zonaroja.com.mx\/index.php?rest_route=\/wp\/v2\/users\/2"}],"replies":[{"embeddable":true,"href":"https:\/\/zonaroja.com.mx\/index.php?rest_route=%2Fwp%2Fv2%2Fcomments&post=71587"}],"version-history":[{"count":1,"href":"https:\/\/zonaroja.com.mx\/index.php?rest_route=\/wp\/v2\/posts\/71587\/revisions"}],"predecessor-version":[{"id":71589,"href":"https:\/\/zonaroja.com.mx\/index.php?rest_route=\/wp\/v2\/posts\/71587\/revisions\/71589"}],"wp:featuredmedia":[{"embeddable":true,"href":"https:\/\/zonaroja.com.mx\/index.php?rest_route=\/wp\/v2\/media\/71588"}],"wp:attachment":[{"href":"https:\/\/zonaroja.com.mx\/index.php?rest_route=%2Fwp%2Fv2%2Fmedia&parent=71587"}],"wp:term":[{"taxonomy":"category","embeddable":true,"href":"https:\/\/zonaroja.com.mx\/index.php?rest_route=%2Fwp%2Fv2%2Fcategories&post=71587"},{"taxonomy":"post_tag","embeddable":true,"href":"https:\/\/zonaroja.com.mx\/index.php?rest_route=%2Fwp%2Fv2%2Ftags&post=71587"}],"curies":[{"name":"wp","href":"https:\/\/api.w.org\/{rel}","templated":true}]}}