{"id":71597,"date":"2024-08-21T08:00:00","date_gmt":"2024-08-21T14:00:00","guid":{"rendered":"https:\/\/zonaroja.com.mx\/?p=71597"},"modified":"2024-08-21T07:25:41","modified_gmt":"2024-08-21T13:25:41","slug":"inicia-en-mexico-inedito-paro-generalizado-del-poder-judicial-federal","status":"publish","type":"post","link":"https:\/\/zonaroja.com.mx\/?p=71597","title":{"rendered":"Inicia en M\u00e9xico in\u00e9dito paro generalizado del Poder Judicial federal"},"content":{"rendered":"\n<p>Redacci\u00f3n\/Zona Roja Cdmx.<\/p>\n\n\n\n<p>Ciudad de M\u00e9xico, a 21 de agosto de 2024.- La Asociaci\u00f3n Nacional de Magistrados de Circuito y Jueces de Distrito del Poder Judicial de la Federaci\u00f3n (Jufed) emiti\u00f3 una \u201cdeclaratoria formal de suspensi\u00f3n de actividades por tiempo indefinido\u201d en todos los juzgados y tribunales federales, que inici\u00f3 el primer minuto de este mi\u00e9rcoles, y se\u00f1al\u00f3 que mantendr\u00e1 su paro hasta que el Congreso instale una mesa de negociaci\u00f3n.<\/p>\n\n\n\n<p>\u201cEsta reforma no s\u00f3lo amenaza la justicia, pone en peligro la seguridad misma de la naci\u00f3n, una justicia independiente, las conversiones se ver\u00e1n afectadas, la confianza en las instituciones se desmoronar\u00e1, los derechos humanos quedar\u00e1n a merced de una maquinaria estatal centralizada y autoritaria. Nos encaminamos hacia una crisis sin precedente, una que de no ser detenida dejar\u00e1 cicatrices profundas en el tejido social\u201d, afirm\u00f3 la presidenta de la Jufed, Juana Fuentes Vel\u00e1zquez, durante el arranque del paro de actividades de manera indefinida.<\/p>\n\n\n\n<p>Por estas razones, dijo, hemos decidido, junto a cientos de personas juzgadoras comprometidas con la justicia, la suspensi\u00f3n de labores jurisdiccionales de manera indefinida en todo el pa\u00eds, a partir de este 21 de agosto, como un acto leg\u00edtimo de resistencia contra esta reforma y hasta que \u00e9sta sea desechada, para dar paso a la construcci\u00f3n de una reforma integral del sistema de justicia, a la que sin duda alguna nos sumar\u00edamos. Asever\u00f3 que \u201ceste intento de concentraci\u00f3n del poder en una persona no s\u00f3lo es una afrenta directa a la independencia judicial sino tambi\u00e9n un golpe mortal a la democracia por la que tantos, antes que nosotros, lucharon por establecer y proteger\u201d. \u201cUna reforma legislativa promovida por el Presidente y tramitada por una mayor\u00eda parlamentaria amenaza con socavar los pilares mismos sobre los cuales se asienta el estado de derecho\u201d.<\/p>\n\n\n\n<p>CASOS URGENTES<\/p>\n\n\n\n<p>El Consejo de la Judicatura Federal (CJF) public\u00f3 una circular en la cual inform\u00f3 que \u201creconoce la situaci\u00f3n y toma conocimiento de diversos oficios y avisos de suspensi\u00f3n de labores\u201d con motivo del paro, y que en \u201caras de preservar el ejercicio del servicio p\u00fablico de impartici\u00f3n de justicia\u201d, se atender\u00e1n \u201clos casos urgentes\u201d. Pero hasta ayer no public\u00f3 la lista de juzgados y tribunales que en cada regi\u00f3n del pa\u00eds atender\u00e1n los asuntos considerados imperiosos.<\/p>\n\n\n\n<p>\u201cEsta reforma no s\u00f3lo amenaza la justicia, pone en peligro la seguridad misma de la naci\u00f3n, una justicia independiente, las conversiones se ver\u00e1n afectadas, la confianza en las instituciones se desmoronar\u00e1, los derechos humanos quedar\u00e1n a merced de una maquinaria estatal centralizada y autoritaria. Nos encaminamos hacia una crisis sin precedente, una que de no ser detenida dejar\u00e1 cicatrices profundas en el tejido social\u201d, afirm\u00f3 la presidenta de la Jufed, Juana Fuentes Vel\u00e1zquez, durante el arranque del paro de actividades de manera indefinida.<\/p>\n\n\n\n<p>Asever\u00f3 que \u201ceste intento de concentraci\u00f3n del poder en una persona no s\u00f3lo es una afrenta directa a la independencia judicial sino tambi\u00e9n un golpe mortal a la democracia por la que tantos, antes que nosotros, lucharon por establecer y proteger\u201d. \u201cUna reforma legislativa promovida por el Presidente de la Rep\u00fablica y tramitada por una mayor\u00eda parlamentaria amenaza con socavar los pilares mismos sobre los cuales se asienta el estado de derecho\u201d.<\/p>\n\n\n\n<p>El pleno de la Judicatura no ha sido citado de manera extraordinaria para analizar el paro de actividades en 972 \u00f3rganos encabezados por mil 656 jueces o magistrados, y establecer una estrategia ante esa situaci\u00f3n.<\/p>\n\n\n\n<p>(Informaci\u00f3n de \u201cLa Jornada\u201d)<\/p>\n","protected":false},"excerpt":{"rendered":"<p>Redacci\u00f3n\/Zona Roja Cdmx. Ciudad de M\u00e9xico, a 21 de agosto de 2024.- La Asociaci\u00f3n Nacional&hellip;<\/p>\n","protected":false},"author":2,"featured_media":71598,"comment_status":"closed","ping_status":"open","sticky":false,"template":"","format":"standard","meta":{"_lmt_disableupdate":"","_lmt_disable":"","_jetpack_memberships_contains_paid_content":false,"footnotes":""},"categories":[109,47],"tags":[4033],"class_list":["post-71597","post","type-post","status-publish","format-standard","has-post-thumbnail","hentry","category-minuto-a-minuto","category-zona-gris","tag-paro-poder-judicial-de-la-federacion"],"jetpack_featured_media_url":"https:\/\/zonaroja.com.mx\/wp-content\/uploads\/2024\/08\/Paro-poder-judicial-de-la-federacion-1.jpeg","jetpack_sharing_enabled":true,"_links":{"self":[{"href":"https:\/\/zonaroja.com.mx\/index.php?rest_route=\/wp\/v2\/posts\/71597","targetHints":{"allow":["GET"]}}],"collection":[{"href":"https:\/\/zonaroja.com.mx\/index.php?rest_route=\/wp\/v2\/posts"}],"about":[{"href":"https:\/\/zonaroja.com.mx\/index.php?rest_route=\/wp\/v2\/types\/post"}],"author":[{"embeddable":true,"href":"https:\/\/zonaroja.com.mx\/index.php?rest_route=\/wp\/v2\/users\/2"}],"replies":[{"embeddable":true,"href":"https:\/\/zonaroja.com.mx\/index.php?rest_route=%2Fwp%2Fv2%2Fcomments&post=71597"}],"version-history":[{"count":1,"href":"https:\/\/zonaroja.com.mx\/index.php?rest_route=\/wp\/v2\/posts\/71597\/revisions"}],"predecessor-version":[{"id":71599,"href":"https:\/\/zonaroja.com.mx\/index.php?rest_route=\/wp\/v2\/posts\/71597\/revisions\/71599"}],"wp:featuredmedia":[{"embeddable":true,"href":"https:\/\/zonaroja.com.mx\/index.php?rest_route=\/wp\/v2\/media\/71598"}],"wp:attachment":[{"href":"https:\/\/zonaroja.com.mx\/index.php?rest_route=%2Fwp%2Fv2%2Fmedia&parent=71597"}],"wp:term":[{"taxonomy":"category","embeddable":true,"href":"https:\/\/zonaroja.com.mx\/index.php?rest_route=%2Fwp%2Fv2%2Fcategories&post=71597"},{"taxonomy":"post_tag","embeddable":true,"href":"https:\/\/zonaroja.com.mx\/index.php?rest_route=%2Fwp%2Fv2%2Ftags&post=71597"}],"curies":[{"name":"wp","href":"https:\/\/api.w.org\/{rel}","templated":true}]}}