{"id":71600,"date":"2024-08-21T07:40:34","date_gmt":"2024-08-21T13:40:34","guid":{"rendered":"https:\/\/zonaroja.com.mx\/?p=71600"},"modified":"2024-08-21T07:40:36","modified_gmt":"2024-08-21T13:40:36","slug":"diaz-pantoja-denuncia-secuestro-institucional-por-el-poder-judicial","status":"publish","type":"post","link":"https:\/\/zonaroja.com.mx\/?p=71600","title":{"rendered":"D\u00edaz Pantoja denuncia secuestro institucional por el Poder Judicial"},"content":{"rendered":"\n<p>Raymundo Morales\/Zona Roja.<\/p>\n\n\n\n<p>Oaxaca de Ju\u00e1rez, Oax., a 21 de agosto de 2024.- Luis D\u00edaz Pantoja denunci\u00f3 un \u201csecuestro institucional\u201d por parte del Poder Judicial federal, al mantenerlo preso por m\u00e1s de 10 a\u00f1os sin recibir sentencia.<\/p>\n\n\n\n<p>\u201cCon lo que respecta a mi persona, pongo a disposici\u00f3n mi proceso, fue la causa 80\/2010 en el Juzgado Cuarto de Distrito con sede en Toluca, Estado de M\u00e9xico, convertido posteriormente en la causa 10\/2018 en el Juzgado Tercero de Distrito tambi\u00e9n con sede en Toluca, en dicho proceso los juzgadores han tenido m\u00e1s de 17 \u201cmomentos procesales oportunos\u201d para darme la libertad, pero no lo hicieron.<\/p>\n\n\n\n<p>\u201cTambi\u00e9n han tenido dos oportunidades para darme el cambio de medida cautelar (insisto llevo casi 11 a\u00f1os secuestrado institucionalmente sentencia) y tampoco lo hicieron, vuelvo a repetir, con lo que respecta a mi persona, pongo a disposici\u00f3n mi proceso para que cualquier organismo Internacional de Derechos Humanos, universidades, Colegios de Abogados y Cortes Internacionales estudien y emiten una opini\u00f3n jur\u00eddica al respecto para conocer a fondo que la justicia en M\u00e9xico no existe, por ello, la reforma al Poder Judicial federal va porque va\u201d.&nbsp;<\/p>\n\n\n\n<p>Esta postura la dio a conocer a trav\u00e9s de una carta difundida p\u00fablicamente a trav\u00e9s de su representante legal Jeft\u00e9 M\u00e9ndez Hern\u00e1ndez, en que el se\u00f1alado de presuntas actividades il\u00edcitas del crimen organizado respalda las reformas constitucionales a ese poder de la Federaci\u00f3n.<\/p>\n\n\n\n<p>\u201cLas personas que tienen secuestrado al Poder Judicial intentaron secuestrar a todo el pueblo de M\u00e9xico, \u00a1Entiendan! que en junio votamos para que ustedes, la c\u00fapula de ese poder hasta ahora corrupto se vaya, ustedes no tienen causa, ustedes no aplican&nbsp;justicia, ustedes&nbsp;tienen a este pa\u00eds sumido en la violencia, ustedes viven en una burbuja, su manifestaci\u00f3n es clasista, \u00bfQu\u00e9 no se dan cuenta que solo se siguen exhibiendo?\u201d, remarc\u00f3 en su texto.<\/p>\n\n\n\n<p>D\u00edaz Pantoja remat\u00f3:&nbsp;<\/p>\n\n\n\n<p>\u201cSe\u00f1ores&nbsp;y Se\u00f1oras&nbsp;del Poder Judicial,&nbsp;ustedes son ese sastre del pueblo mexicano, pero el d\u00eda de hoy, esa pesadilla termin\u00f3, s\u00f3lo es cuesti\u00f3n de tiempo, para que se termine la aplicaci\u00f3n de la ley con sus criterios de criminalizaci\u00f3n de personas inocentes y de la justicia, con su criterio neoliberal, \u00bfQu\u00e9 no se dan cuenta?\u201d.<\/p>\n","protected":false},"excerpt":{"rendered":"<p>Raymundo Morales\/Zona Roja. Oaxaca de Ju\u00e1rez, Oax., a 21 de agosto de 2024.- Luis D\u00edaz&hellip;<\/p>\n","protected":false},"author":2,"featured_media":71601,"comment_status":"closed","ping_status":"open","sticky":false,"template":"","format":"standard","meta":{"_lmt_disableupdate":"","_lmt_disable":"","_jetpack_memberships_contains_paid_content":false,"footnotes":""},"categories":[109,47],"tags":[4037],"class_list":["post-71600","post","type-post","status-publish","format-standard","has-post-thumbnail","hentry","category-minuto-a-minuto","category-zona-gris","tag-luis-diaz-pantoja"],"jetpack_featured_media_url":"https:\/\/zonaroja.com.mx\/wp-content\/uploads\/2024\/08\/Luis-Diaz-Pantoja.webp","jetpack_sharing_enabled":true,"_links":{"self":[{"href":"https:\/\/zonaroja.com.mx\/index.php?rest_route=\/wp\/v2\/posts\/71600","targetHints":{"allow":["GET"]}}],"collection":[{"href":"https:\/\/zonaroja.com.mx\/index.php?rest_route=\/wp\/v2\/posts"}],"about":[{"href":"https:\/\/zonaroja.com.mx\/index.php?rest_route=\/wp\/v2\/types\/post"}],"author":[{"embeddable":true,"href":"https:\/\/zonaroja.com.mx\/index.php?rest_route=\/wp\/v2\/users\/2"}],"replies":[{"embeddable":true,"href":"https:\/\/zonaroja.com.mx\/index.php?rest_route=%2Fwp%2Fv2%2Fcomments&post=71600"}],"version-history":[{"count":1,"href":"https:\/\/zonaroja.com.mx\/index.php?rest_route=\/wp\/v2\/posts\/71600\/revisions"}],"predecessor-version":[{"id":71602,"href":"https:\/\/zonaroja.com.mx\/index.php?rest_route=\/wp\/v2\/posts\/71600\/revisions\/71602"}],"wp:featuredmedia":[{"embeddable":true,"href":"https:\/\/zonaroja.com.mx\/index.php?rest_route=\/wp\/v2\/media\/71601"}],"wp:attachment":[{"href":"https:\/\/zonaroja.com.mx\/index.php?rest_route=%2Fwp%2Fv2%2Fmedia&parent=71600"}],"wp:term":[{"taxonomy":"category","embeddable":true,"href":"https:\/\/zonaroja.com.mx\/index.php?rest_route=%2Fwp%2Fv2%2Fcategories&post=71600"},{"taxonomy":"post_tag","embeddable":true,"href":"https:\/\/zonaroja.com.mx\/index.php?rest_route=%2Fwp%2Fv2%2Ftags&post=71600"}],"curies":[{"name":"wp","href":"https:\/\/api.w.org\/{rel}","templated":true}]}}