{"id":71603,"date":"2024-08-21T08:07:57","date_gmt":"2024-08-21T14:07:57","guid":{"rendered":"https:\/\/zonaroja.com.mx\/?p=71603"},"modified":"2024-08-21T08:08:00","modified_gmt":"2024-08-21T14:08:00","slug":"reta-ciro-gomez-leyva-que-fiscal-ulises-lara-lo-detenga-por-divulgar-video","status":"publish","type":"post","link":"https:\/\/zonaroja.com.mx\/?p=71603","title":{"rendered":"Reta Ciro G\u00f3mez Leyva que fiscal Ulises Lara lo detenga, por divulgar video"},"content":{"rendered":"\n<p>Redacci\u00f3n\/Zona Roja Cdmx.<\/p>\n\n\n\n<p>Ciudad de M\u00e9xico, a 21 de agosto de 2024.- La noche del 19 de agosto, el encargado de despacho de la Fiscal\u00eda General de Justicia de la Ciudad de M\u00e9xico (FGJCDMX) emiti\u00f3 un nuevo pronunciamiento respecto al intento de detenci\u00f3n de Javier Corral Jurado, exgobernador de Chihuahua investigado por peculado y corrupci\u00f3n.<\/p>\n\n\n\n<p>A trav\u00e9s de un video, Ulises Lara L\u00f3pez explic\u00f3 que la Fiscal\u00eda Anticorrupci\u00f3n de dicha entidad no estar\u00eda facultada para efectuar operativos federales debido a que no forma parte del convenio de colaboraci\u00f3n vigente desde noviembre de 2012, celebrado por la entonces Procuradur\u00eda General de la Rep\u00fablica (PGR), la Procuradur\u00eda General de Justicia Militar y las procuradur\u00edas y fiscal\u00edas de distintos estados.<\/p>\n\n\n\n<p>De igual forma, Lara L\u00f3pez calific\u00f3 como algo \u201cextra\u00f1o\u201d la difusi\u00f3n de videos y documentos acerca del intento de captura de Corral Jurado. Uno de los materiales que mostr\u00f3 parte del despliegue en el restaurante donde cenaba el exgobernador fue presentado en el noticiero del periodista Ciro G\u00f3mez Leyva.<\/p>\n\n\n\n<p>\u201cLos videos grabados en el lugar de los hechos fueron filtrados espec\u00edficamente y con toda oportunidad a un presentador de noticias, junto con el documento interno de esta Fiscal\u00eda General de Justicia con el que se intent\u00f3 enga\u00f1ar a la opini\u00f3n p\u00fablica\u201d, asever\u00f3 Ulises Lara, quien tambi\u00e9n advirti\u00f3 la presentaci\u00f3n de una denuncia por la difusi\u00f3n del material.<\/p>\n\n\n\n<p>En consecuencia, G\u00f3mez Leyva respondi\u00f3, la ma\u00f1ana del 20 de agosto, que las grabaciones no se trataban de una filtraci\u00f3n y cuestion\u00f3 si, en su labor como periodista, tendr\u00eda que verse orillado a defenderse penalmente por presentar una noticia.<\/p>\n\n\n\n<p>\u201cFuimos a la fuente y pedimos informaci\u00f3n, nos pusimos a reportear. Producto de ese reporteo obtuvimos una o varias im\u00e1genes, s\u00ed, nosotros la pedimos, \u00bfa qu\u00e9 llama filtraci\u00f3n?\u201d, revir\u00f3 G\u00f3mez Leyva respecto a la cobertura del suceso.<\/p>\n\n\n\n<p>\u201cSi lo que quiso decir es que va a emprender una acci\u00f3n legal en mi contra, de una vez le digo: aqu\u00ed estoy, d\u00edgame d\u00f3nde nada m\u00e1s y me voy a entregar, me voy derechito a donde me tenga que ir, a la c\u00e1rcel o a donde sea, no voy a gastar energ\u00eda, tiempo o dinero para defenderme por haber dado una nota\u201d, a\u00f1adi\u00f3 el periodista en su respuesta a Lara.<\/p>\n\n\n\n<p>\u201cSi es contra quienes supuestamente nos filtraron el material, pues suerte para ellos. Si es en contra m\u00eda, d\u00edgame d\u00f3nde y no me voy a defender un segundo [&#8230;] Si lo que quiere es que yo vaya a la c\u00e1rcel por dar una nota me voy derechito, fiscal. Basta ya de estar tratando de atemorizar con estas cosas\u201d, sentenci\u00f3 finalmente Ciro G\u00f3mez Leyva sobre el tema.<\/p>\n\n\n\n<p>Una de las principales cr\u00edticas del periodista hacia las recientes declaraciones de Lara L\u00f3pez fue la menci\u00f3n de un supuesto intento para \u201cgenerar inestabilidad pol\u00edtica\u201d mediante la difusi\u00f3n de estos hechos, ocurridos una noche antes de que Claudia Sheinbaum Pardo recibiera la constancia que la acredita, oficialmente, como presidenta electa de M\u00e9xico.<\/p>\n\n\n\n<p>(Informaci\u00f3n de Infobae M\u00e9xico)<\/p>\n","protected":false},"excerpt":{"rendered":"<p>Redacci\u00f3n\/Zona Roja Cdmx. Ciudad de M\u00e9xico, a 21 de agosto de 2024.- La noche del&hellip;<\/p>\n","protected":false},"author":2,"featured_media":71604,"comment_status":"closed","ping_status":"open","sticky":false,"template":"","format":"standard","meta":{"_lmt_disableupdate":"","_lmt_disable":"","_jetpack_memberships_contains_paid_content":false,"footnotes":""},"categories":[109,47],"tags":[3354],"class_list":["post-71603","post","type-post","status-publish","format-standard","has-post-thumbnail","hentry","category-minuto-a-minuto","category-zona-gris","tag-ciro-gomez-leyva"],"jetpack_featured_media_url":"https:\/\/zonaroja.com.mx\/wp-content\/uploads\/2024\/08\/Ciro-Gomez-Leyva-Ulises-Lara.jpg","jetpack_sharing_enabled":true,"_links":{"self":[{"href":"https:\/\/zonaroja.com.mx\/index.php?rest_route=\/wp\/v2\/posts\/71603","targetHints":{"allow":["GET"]}}],"collection":[{"href":"https:\/\/zonaroja.com.mx\/index.php?rest_route=\/wp\/v2\/posts"}],"about":[{"href":"https:\/\/zonaroja.com.mx\/index.php?rest_route=\/wp\/v2\/types\/post"}],"author":[{"embeddable":true,"href":"https:\/\/zonaroja.com.mx\/index.php?rest_route=\/wp\/v2\/users\/2"}],"replies":[{"embeddable":true,"href":"https:\/\/zonaroja.com.mx\/index.php?rest_route=%2Fwp%2Fv2%2Fcomments&post=71603"}],"version-history":[{"count":1,"href":"https:\/\/zonaroja.com.mx\/index.php?rest_route=\/wp\/v2\/posts\/71603\/revisions"}],"predecessor-version":[{"id":71605,"href":"https:\/\/zonaroja.com.mx\/index.php?rest_route=\/wp\/v2\/posts\/71603\/revisions\/71605"}],"wp:featuredmedia":[{"embeddable":true,"href":"https:\/\/zonaroja.com.mx\/index.php?rest_route=\/wp\/v2\/media\/71604"}],"wp:attachment":[{"href":"https:\/\/zonaroja.com.mx\/index.php?rest_route=%2Fwp%2Fv2%2Fmedia&parent=71603"}],"wp:term":[{"taxonomy":"category","embeddable":true,"href":"https:\/\/zonaroja.com.mx\/index.php?rest_route=%2Fwp%2Fv2%2Fcategories&post=71603"},{"taxonomy":"post_tag","embeddable":true,"href":"https:\/\/zonaroja.com.mx\/index.php?rest_route=%2Fwp%2Fv2%2Ftags&post=71603"}],"curies":[{"name":"wp","href":"https:\/\/api.w.org\/{rel}","templated":true}]}}