{"id":71609,"date":"2024-08-22T12:18:00","date_gmt":"2024-08-22T18:18:00","guid":{"rendered":"https:\/\/zonaroja.com.mx\/?p=71609"},"modified":"2024-08-22T06:57:28","modified_gmt":"2024-08-22T12:57:28","slug":"opinion-brecha-la-crisis-de-los-medios-impresos","status":"publish","type":"post","link":"https:\/\/zonaroja.com.mx\/?p=71609","title":{"rendered":"Opini\u00f3n. Brecha. La crisis de los medios impresos"},"content":{"rendered":"\n<p>El Andariego*<\/p>\n\n\n\n<p>Gesticularon. Apretaron sus dentaduras.&nbsp;Los seis directivos de la Uni\u00f3n de Voceadores&nbsp;soltaron un frio suspiro.&nbsp;Antes hab\u00edan clamado:<\/p>\n\n\n\n<p>&#8211;Disculpe se\u00f1or\u2026&nbsp;pero&nbsp;de verdad que&nbsp;cuesta&nbsp;mucho&nbsp;vender el peri\u00f3dico. Es bueno y la gente lo quiere, pero esa decisi\u00f3n de expenderlo en las&nbsp;tiendas \u201cPitic\u00f3\u201d y en los \u201cOxxos\u201d pues nos da en la madre. Nosotros le seguimos,&nbsp;a cambio pues pedimos un aumento en las ganancias y se permitan&nbsp;las devoluciones.<\/p>\n\n\n\n<p>El empresario&nbsp;quiso congraciarse al preguntar por la salud de un veterano vendedor: \u201c\u00bfC\u00f3mo sigue don Sebas?&#8230;&nbsp;Y bueno de lo que me&nbsp;dicen ya ni \u2018El Matute\u2019 se queja, \u00e9l vende 150 ejemplares&nbsp;sin problemas\u201d.<\/p>\n\n\n\n<p>En esa oficina destacaba en la pared una fotograf\u00eda del mural&nbsp;\u201cLa Escuela de Atenas\u201d del italiano Rafael Sanzio. En otra pared un cuadro del pintor Rodolfo Morales representando&nbsp;a una mujer morena sentada en un petate y al calce&nbsp;la anotaci\u00f3n: \u201cMar\u00eda no seas coqueta\u201d.<\/p>\n\n\n\n<p>Un prolongado silencio de todos los concurrentes&nbsp;a la&nbsp;reuni\u00f3n,&nbsp;justo&nbsp;cuando toca la puerta la secretaria para notificarle al patr\u00f3n &nbsp;una llamada telef\u00f3nica.<\/p>\n\n\n\n<p>&#8211;Terminamos amigos. No se puede. \u2013El empresario remach\u00f3:&nbsp;<\/p>\n\n\n\n<p>\u201c\u00a1Mi pe-ri\u00f3-di-co se vende solo! Si ya no quieren venderlo es decisi\u00f3n de ustedes.&nbsp;<\/p>\n\n\n\n<p>El due\u00f1o del referente informativo&nbsp;se levant\u00f3&nbsp;de la mesa, los contempl\u00f3&nbsp;con aparente cari\u00f1o,&nbsp;dio la vuelta y abandon\u00f3 la oficina.<\/p>\n\n\n\n<p>\u00c9poca dorada de los medios impresos. A\u00f1os de negocios.&nbsp;Editar&nbsp;un peri\u00f3dico diario, semanal, quincenal o una revista era sin\u00f3nimo de&nbsp;utilidades,&nbsp;de ingresos econ\u00f3micos&nbsp;por la publicidad gubernamental. Tentaci\u00f3n pura&nbsp;para&nbsp;pol\u00edticos.<\/p>\n\n\n\n<p>La voz ronca de do\u00f1a Rosita, se\u00f1ora de edad,&nbsp;entre el oto\u00f1o e invierno de la vida,&nbsp;rompi\u00f3 el tedio:<\/p>\n\n\n\n<p>\u201cPues que se venda solito el peri\u00f3dico. Va la apuesta. Eso me recuerda al se\u00f1or Loyo (editor a\u00f1os atr\u00e1s del diario \u201cEl Fogonazo\u201d) cuando le dijimos que su peri\u00f3dico no se vend\u00eda y&nbsp;\u00e9l respondi\u00f3 \u2013El peri\u00f3dico no,&nbsp;pero yo s\u00ed\u2026\u201d<\/p>\n\n\n\n<p>&#8211;Vamos a chingarle.<\/p>\n\n\n\n<p>Hoy los peri\u00f3dicos impresos ya ni regalados los quieren, se despegaron de la sociedad,&nbsp;no entendieron los cambios tecnol\u00f3gicos&nbsp;y menos vivir fuera del presupuesto gubernamental.<\/p>\n\n\n\n<p>La tarde va quedando atr\u00e1s\u2026<\/p>\n\n\n\n<p>*Periodista Raciel Mart\u00ednez Blas.&nbsp; &nbsp; &nbsp; &nbsp; &nbsp; &nbsp; &nbsp; &nbsp; &nbsp; &nbsp; &nbsp; &nbsp; &nbsp; &nbsp; &nbsp; &nbsp; &nbsp; &nbsp; &nbsp; &nbsp; &nbsp; &nbsp; &nbsp; &nbsp; &nbsp; &nbsp; &nbsp; &nbsp; &nbsp;<\/p>\n\n\n\n<p>racmar24@gmail.com<\/p>\n","protected":false},"excerpt":{"rendered":"<p>El Andariego* Gesticularon. Apretaron sus dentaduras.&nbsp;Los seis directivos de la Uni\u00f3n de Voceadores&nbsp;soltaron un frio&hellip;<\/p>\n","protected":false},"author":2,"featured_media":71624,"comment_status":"closed","ping_status":"open","sticky":false,"template":"","format":"standard","meta":{"_lmt_disableupdate":"","_lmt_disable":"","_jetpack_memberships_contains_paid_content":false,"footnotes":""},"categories":[456,109],"tags":[4021],"class_list":["post-71609","post","type-post","status-publish","format-standard","has-post-thumbnail","hentry","category-columna","category-minuto-a-minuto","tag-brecha-raciel-martinez-blas"],"jetpack_featured_media_url":"https:\/\/zonaroja.com.mx\/wp-content\/uploads\/2024\/08\/Opinion.-Raciel-Martinez.jpg","jetpack_sharing_enabled":true,"_links":{"self":[{"href":"https:\/\/zonaroja.com.mx\/index.php?rest_route=\/wp\/v2\/posts\/71609","targetHints":{"allow":["GET"]}}],"collection":[{"href":"https:\/\/zonaroja.com.mx\/index.php?rest_route=\/wp\/v2\/posts"}],"about":[{"href":"https:\/\/zonaroja.com.mx\/index.php?rest_route=\/wp\/v2\/types\/post"}],"author":[{"embeddable":true,"href":"https:\/\/zonaroja.com.mx\/index.php?rest_route=\/wp\/v2\/users\/2"}],"replies":[{"embeddable":true,"href":"https:\/\/zonaroja.com.mx\/index.php?rest_route=%2Fwp%2Fv2%2Fcomments&post=71609"}],"version-history":[{"count":1,"href":"https:\/\/zonaroja.com.mx\/index.php?rest_route=\/wp\/v2\/posts\/71609\/revisions"}],"predecessor-version":[{"id":71610,"href":"https:\/\/zonaroja.com.mx\/index.php?rest_route=\/wp\/v2\/posts\/71609\/revisions\/71610"}],"wp:featuredmedia":[{"embeddable":true,"href":"https:\/\/zonaroja.com.mx\/index.php?rest_route=\/wp\/v2\/media\/71624"}],"wp:attachment":[{"href":"https:\/\/zonaroja.com.mx\/index.php?rest_route=%2Fwp%2Fv2%2Fmedia&parent=71609"}],"wp:term":[{"taxonomy":"category","embeddable":true,"href":"https:\/\/zonaroja.com.mx\/index.php?rest_route=%2Fwp%2Fv2%2Fcategories&post=71609"},{"taxonomy":"post_tag","embeddable":true,"href":"https:\/\/zonaroja.com.mx\/index.php?rest_route=%2Fwp%2Fv2%2Ftags&post=71609"}],"curies":[{"name":"wp","href":"https:\/\/api.w.org\/{rel}","templated":true}]}}