{"id":71615,"date":"2024-08-21T16:15:02","date_gmt":"2024-08-21T22:15:02","guid":{"rendered":"https:\/\/zonaroja.com.mx\/?p=71615"},"modified":"2024-08-21T16:15:02","modified_gmt":"2024-08-21T22:15:02","slug":"suman-tres-personas-asesinadas-en-24-horas-en-oaxaca","status":"publish","type":"post","link":"https:\/\/zonaroja.com.mx\/?p=71615","title":{"rendered":"Suman tres personas asesinadas en 24 horas en Oaxaca"},"content":{"rendered":"\n<p>Raymundo Morales\/Zona Roja.<\/p>\n\n\n\n<p>Oaxaca de Ju\u00e1rez, Oax., a 21 de agosto de 2024.- Tres personas han sido asesinados a balazos en un lapso de 24 horas en el estado de Oaxaca.&nbsp;<\/p>\n\n\n\n<p>El m\u00e1s reciente caso ocurri\u00f3 este mediod\u00eda en Ocotl\u00e1n de Morelos, municipio de la regi\u00f3n Valles Centrales.<\/p>\n\n\n\n<p>En el interior de un establecimiento comercial ubicado en la calle Benito Ju\u00e1rez fue ultimado Sebasti\u00e1n Antonio H. G., de 65 a\u00f1os de edad, con m\u00faltiples impactos de arma de fuego.<\/p>\n\n\n\n<p>A pesar de que fue en pleno centro de dicho municipio, a unos pasos del mercado y del palacio municipal, no hubo polic\u00edas municipales que pudieran impedir el hecho o perseguir a los delincuentes.&nbsp;<\/p>\n\n\n\n<p>EN PE\u00d1OLES<\/p>\n\n\n\n<p>Por otra parte, la madrugada de ayer, en la comunidad R\u00edo Hondo, perteneciente al municipio de Santa Mar\u00eda Pe\u00f1oles, en una presunta ri\u00f1a dos personas del sexo masculino perdieron la vida.<\/p>\n\n\n\n<p>Los hechos sucedieron durante una fiesta en que un grupo de personas, en probable estado de ebriedad, iniciaron un pleito.<\/p>\n\n\n\n<p>Uno de ellos sac\u00f3 una arma de fuego y dispar\u00f3 en contra de dos personas, lo que arroj\u00f3 el saldo fatal.&nbsp;<\/p>\n\n\n\n<p>Las v\u00edctimas fueron identificadas como&nbsp;Timoteo G.&nbsp;M., de 67 a\u00f1os de edad, y Lorenzo G. A., de 53 a\u00f1os,&nbsp;y tambi\u00e9n hay dos personas lesionadas.<\/p>\n\n\n\n<p>Los casos recientes ya son investigados por la Fiscal\u00eda General del Estado de Oaxaca, con la finalidad de deslindar responsabilidades.&nbsp;<\/p>\n","protected":false},"excerpt":{"rendered":"<p>Raymundo Morales\/Zona Roja. Oaxaca de Ju\u00e1rez, Oax., a 21 de agosto de 2024.- Tres personas&hellip;<\/p>\n","protected":false},"author":2,"featured_media":71614,"comment_status":"closed","ping_status":"open","sticky":false,"template":"","format":"standard","meta":{"_lmt_disableupdate":"","_lmt_disable":"","_jetpack_memberships_contains_paid_content":false,"footnotes":""},"categories":[109,51],"tags":[],"class_list":["post-71615","post","type-post","status-publish","format-standard","has-post-thumbnail","hentry","category-minuto-a-minuto","category-zona-roja"],"jetpack_featured_media_url":"https:\/\/zonaroja.com.mx\/wp-content\/uploads\/2024\/08\/38a97fa2-9b34-4487-bc77-3cea6f2572d2-1.jpg","jetpack_sharing_enabled":true,"_links":{"self":[{"href":"https:\/\/zonaroja.com.mx\/index.php?rest_route=\/wp\/v2\/posts\/71615","targetHints":{"allow":["GET"]}}],"collection":[{"href":"https:\/\/zonaroja.com.mx\/index.php?rest_route=\/wp\/v2\/posts"}],"about":[{"href":"https:\/\/zonaroja.com.mx\/index.php?rest_route=\/wp\/v2\/types\/post"}],"author":[{"embeddable":true,"href":"https:\/\/zonaroja.com.mx\/index.php?rest_route=\/wp\/v2\/users\/2"}],"replies":[{"embeddable":true,"href":"https:\/\/zonaroja.com.mx\/index.php?rest_route=%2Fwp%2Fv2%2Fcomments&post=71615"}],"version-history":[{"count":1,"href":"https:\/\/zonaroja.com.mx\/index.php?rest_route=\/wp\/v2\/posts\/71615\/revisions"}],"predecessor-version":[{"id":71616,"href":"https:\/\/zonaroja.com.mx\/index.php?rest_route=\/wp\/v2\/posts\/71615\/revisions\/71616"}],"wp:featuredmedia":[{"embeddable":true,"href":"https:\/\/zonaroja.com.mx\/index.php?rest_route=\/wp\/v2\/media\/71614"}],"wp:attachment":[{"href":"https:\/\/zonaroja.com.mx\/index.php?rest_route=%2Fwp%2Fv2%2Fmedia&parent=71615"}],"wp:term":[{"taxonomy":"category","embeddable":true,"href":"https:\/\/zonaroja.com.mx\/index.php?rest_route=%2Fwp%2Fv2%2Fcategories&post=71615"},{"taxonomy":"post_tag","embeddable":true,"href":"https:\/\/zonaroja.com.mx\/index.php?rest_route=%2Fwp%2Fv2%2Ftags&post=71615"}],"curies":[{"name":"wp","href":"https:\/\/api.w.org\/{rel}","templated":true}]}}