{"id":71617,"date":"2024-08-21T18:51:28","date_gmt":"2024-08-22T00:51:28","guid":{"rendered":"https:\/\/zonaroja.com.mx\/?p=71617"},"modified":"2024-08-21T18:51:30","modified_gmt":"2024-08-22T00:51:30","slug":"mueren-otras-dos-personas-a-causa-del-dengue-en-oaxaca-suman-seis-decesos","status":"publish","type":"post","link":"https:\/\/zonaroja.com.mx\/?p=71617","title":{"rendered":"Mueren otras dos personas a causa del dengue en Oaxaca; suman seis decesos"},"content":{"rendered":"\n<p>Raymundo Morales\/Zona Roja.<\/p>\n\n\n\n<p>Oaxaca de Ju\u00e1rez, Oax. 21 de agosto de 2024.- La dependencia Servicios de Salud de Oaxaca (SSO) confirm\u00f3 el deceso de dos personas m\u00e1s a causa de la enfermedad de dengue, con lo cual suman seis fallecimientos registrados este a\u00f1o.<\/p>\n\n\n\n<p>En un comunicado, detall\u00f3 que los casos fueron avalados por el Comit\u00e9 Nacional para la Vigilancia Epidemiol\u00f3gica y se trata de una persona de 45 a\u00f1os de edad, del sexo femenino, habitante de San Antonio de la Cal, quien presentaba diabetes mellitus y pancreatitis, con fecha de defunci\u00f3n 16 de junio del presente a\u00f1o.<\/p>\n\n\n\n<p>El segundo fallecimiento corresponde a una persona del sexo masculino de 18 a\u00f1os, del municipio de Oaxaca de Ju\u00e1rez, con diagn\u00f3stico de par\u00e1lisis cerebral, con fecha de defunci\u00f3n 17 de junio del a\u00f1o en curso.<\/p>\n\n\n\n<p>Con estas cifras, suman seis muertes confirmadas acumuladas en la entidad; tres pertenecen a la Jurisdicci\u00f3n Sanitaria de la Costa, dos a Valles Centrales y una a Tuxtepec.<\/p>\n\n\n\n<p>Asimismo, dio a conocer que se registraron 182 casos nuevos de dengue en el territorio oaxaque\u00f1o, con lo cual, suman dos mil 690 confirmados acumulados, de acuerdo al corte preliminar de la semana epidemiol\u00f3gica n\u00famero 33.<\/p>\n\n\n\n<p>De acuerdo con la clasificaci\u00f3n del padecimiento: mil 336 corresponden a Dengue No Grave (DNG), mil 186 a Dengue Con Signos de Alarma (DCSA) y 168 Dengue Grave (DG). Por Jurisdicci\u00f3n Sanitaria: Valles Centrales acumula 2 mil 241 casos, Costa 273, Istmo 77, Mixteca 37, Sierra 36 y Tuxtepec 26 casos.<\/p>\n\n\n\n<p>Esta semana, 64 municipios reportaron casos nuevos, encabeza la lista Oaxaca de Ju\u00e1rez con 48 reportes, Santa Cruz Xoxocotl\u00e1n con nueve, Santiago Pinotepa Nacional con siete, Santo Domingo Ingenio con seis y San Antonio de la Cal con cinco casos, entre otros.<\/p>\n\n\n\n<p>En las \u00faltimas 24 horas se notific\u00f3 un total de 109 pacientes hospitalizados, de los cuales ocho presentan DG.&nbsp;<\/p>\n","protected":false},"excerpt":{"rendered":"<p>Raymundo Morales\/Zona Roja. Oaxaca de Ju\u00e1rez, Oax. 21 de agosto de 2024.- La dependencia Servicios&hellip;<\/p>\n","protected":false},"author":2,"featured_media":71618,"comment_status":"closed","ping_status":"open","sticky":false,"template":"","format":"standard","meta":{"_lmt_disableupdate":"","_lmt_disable":"","_jetpack_memberships_contains_paid_content":false,"footnotes":""},"categories":[109,47],"tags":[804],"class_list":["post-71617","post","type-post","status-publish","format-standard","has-post-thumbnail","hentry","category-minuto-a-minuto","category-zona-gris","tag-dengue-en-oaxaca"],"jetpack_featured_media_url":"https:\/\/zonaroja.com.mx\/wp-content\/uploads\/2024\/08\/Dengue.webp","jetpack_sharing_enabled":true,"_links":{"self":[{"href":"https:\/\/zonaroja.com.mx\/index.php?rest_route=\/wp\/v2\/posts\/71617","targetHints":{"allow":["GET"]}}],"collection":[{"href":"https:\/\/zonaroja.com.mx\/index.php?rest_route=\/wp\/v2\/posts"}],"about":[{"href":"https:\/\/zonaroja.com.mx\/index.php?rest_route=\/wp\/v2\/types\/post"}],"author":[{"embeddable":true,"href":"https:\/\/zonaroja.com.mx\/index.php?rest_route=\/wp\/v2\/users\/2"}],"replies":[{"embeddable":true,"href":"https:\/\/zonaroja.com.mx\/index.php?rest_route=%2Fwp%2Fv2%2Fcomments&post=71617"}],"version-history":[{"count":1,"href":"https:\/\/zonaroja.com.mx\/index.php?rest_route=\/wp\/v2\/posts\/71617\/revisions"}],"predecessor-version":[{"id":71619,"href":"https:\/\/zonaroja.com.mx\/index.php?rest_route=\/wp\/v2\/posts\/71617\/revisions\/71619"}],"wp:featuredmedia":[{"embeddable":true,"href":"https:\/\/zonaroja.com.mx\/index.php?rest_route=\/wp\/v2\/media\/71618"}],"wp:attachment":[{"href":"https:\/\/zonaroja.com.mx\/index.php?rest_route=%2Fwp%2Fv2%2Fmedia&parent=71617"}],"wp:term":[{"taxonomy":"category","embeddable":true,"href":"https:\/\/zonaroja.com.mx\/index.php?rest_route=%2Fwp%2Fv2%2Fcategories&post=71617"},{"taxonomy":"post_tag","embeddable":true,"href":"https:\/\/zonaroja.com.mx\/index.php?rest_route=%2Fwp%2Fv2%2Ftags&post=71617"}],"curies":[{"name":"wp","href":"https:\/\/api.w.org\/{rel}","templated":true}]}}