{"id":7162,"date":"2019-12-31T18:23:05","date_gmt":"2020-01-01T00:23:05","guid":{"rendered":"http:\/\/www.zonaroja.com.mx\/?p=7162"},"modified":"2019-12-31T18:23:27","modified_gmt":"2020-01-01T00:23:27","slug":"apoyan-traslado-a-oaxaca-de-paisano-que-murio-en-eu-llegara-viernes","status":"publish","type":"post","link":"https:\/\/zonaroja.com.mx\/?p=7162","title":{"rendered":"Apoyan traslado a Oaxaca de paisano que muri\u00f3 en EU; llegar\u00e1 viernes"},"content":{"rendered":"\n<p>Redacci\u00f3n\/Zona Roja.<\/p>\n\n\n\n<p>Oaxaca de Ju\u00e1rez, Oax., 31 de diciembre\nde 2019.- El cuerpo del oaxaque\u00f1o Paulino Ramirez Lugos, quien muri\u00f3 el pasado\n24 de diciembre en Flemington, Nueva Jersey, Estados Unidos, llegar\u00e1 a la\nentidad el pr\u00f3ximo viernes.<\/p>\n\n\n\n<p>As\u00ed lo inform\u00f3 el Instituto Oaxaque\u00f1o de\nAtenci\u00f3n al Migrante (IOAM), quien gestiona la repatriaci\u00f3n del migrante, al\nigual del oriundo de Miahuatl\u00e1n de Porfirio D\u00edaz que fue asesinado en Quebec,\nCanad\u00e1.<\/p>\n\n\n\n<p>En un comunicado, indic\u00f3 que familiares\ndel fallecido se presentaron ante el IOAM para solicitar la&nbsp; repatriaci\u00f3n del cuerpo; por tal motivo y por\ninstrucciones del gobernador Alejandro Murat Hinojosa, se realizaron los\ntr\u00e1mites necesarios para que Paulino pudiera regresar a ser despedido por sus\nfamiliares y seres queridos.<\/p>\n\n\n\n<p>El cuerpo de Paulino estar\u00e1 llegando a\nla Ciudad de M\u00e9xico por la noche del d\u00eda 3 de enero de 2020, para\nposteriormente ser trasladado al municipio de Santiago Juxtlahuaca, de donde\nera originario.<\/p>\n\n\n\n<p>La titular del IOAM, Aida Ruiz Garc\u00eda\nse\u00f1al\u00f3 que en lo que va del a\u00f1o se han realizado 184 traslados de restos\nmortuorios, y que el IOAM trabaja constantemente para que este tipo de tr\u00e1mites\nse hagan lo m\u00e1s r\u00e1pido que el protocolo lo permita.<\/p>\n\n\n\n<p>Indic\u00f3 que el Gobernador del Estado\nbusca qu\u00e9 las dependencias p\u00fablicas caminen de la mano con los oaxaque\u00f1os qu\u00e9\nm\u00e1s lo necesitan.<\/p>\n\n\n\n<p>Respecto a Arturo Morales de Paz,\nmigrante fallecido el pasado 18 de diciembre en Quebec, Canad\u00e1, la directora\ngeneral del Instituto Oaxaque\u00f1o de Atenci\u00f3n al Migrante, inform\u00f3 que el cuerpo\nfue entregado a sus familiares este martes alrededor de las 05:30 de la ma\u00f1ana\nen Miahuatlan de Porfirio Diaz.<\/p>\n\n\n\n<p>Ruiz Garc\u00eda, se\u00f1al\u00f3 que el IOAM\nsolamente puede actuar a petici\u00f3n de los deudos del fallecido, quienes deber\u00e1n\nllevar: Acta de nacimiento del finado, solicitud de apoyo, constancia de\ninsolvencia econ\u00f3mica y copia de la credencial de elector del solicitante, al\nInstituto para poder recibir el acompa\u00f1amiento.<\/p>\n","protected":false},"excerpt":{"rendered":"<p>Redacci\u00f3n\/Zona Roja. Oaxaca de Ju\u00e1rez, Oax., 31 de diciembre de 2019.- El cuerpo del oaxaque\u00f1o&hellip;<\/p>\n","protected":false},"author":2,"featured_media":7163,"comment_status":"closed","ping_status":"open","sticky":false,"template":"","format":"standard","meta":{"_lmt_disableupdate":"","_lmt_disable":"","_jetpack_memberships_contains_paid_content":false,"footnotes":""},"categories":[109,46],"tags":[1186],"class_list":["post-7162","post","type-post","status-publish","format-standard","has-post-thumbnail","hentry","category-minuto-a-minuto","category-zona-blanca","tag-arturo-morales-de-paz"],"jetpack_featured_media_url":"https:\/\/zonaroja.com.mx\/wp-content\/uploads\/2019\/12\/Arturo-Morale-de-Paz.jpg","jetpack_sharing_enabled":true,"_links":{"self":[{"href":"https:\/\/zonaroja.com.mx\/index.php?rest_route=\/wp\/v2\/posts\/7162","targetHints":{"allow":["GET"]}}],"collection":[{"href":"https:\/\/zonaroja.com.mx\/index.php?rest_route=\/wp\/v2\/posts"}],"about":[{"href":"https:\/\/zonaroja.com.mx\/index.php?rest_route=\/wp\/v2\/types\/post"}],"author":[{"embeddable":true,"href":"https:\/\/zonaroja.com.mx\/index.php?rest_route=\/wp\/v2\/users\/2"}],"replies":[{"embeddable":true,"href":"https:\/\/zonaroja.com.mx\/index.php?rest_route=%2Fwp%2Fv2%2Fcomments&post=7162"}],"version-history":[{"count":1,"href":"https:\/\/zonaroja.com.mx\/index.php?rest_route=\/wp\/v2\/posts\/7162\/revisions"}],"predecessor-version":[{"id":7164,"href":"https:\/\/zonaroja.com.mx\/index.php?rest_route=\/wp\/v2\/posts\/7162\/revisions\/7164"}],"wp:featuredmedia":[{"embeddable":true,"href":"https:\/\/zonaroja.com.mx\/index.php?rest_route=\/wp\/v2\/media\/7163"}],"wp:attachment":[{"href":"https:\/\/zonaroja.com.mx\/index.php?rest_route=%2Fwp%2Fv2%2Fmedia&parent=7162"}],"wp:term":[{"taxonomy":"category","embeddable":true,"href":"https:\/\/zonaroja.com.mx\/index.php?rest_route=%2Fwp%2Fv2%2Fcategories&post=7162"},{"taxonomy":"post_tag","embeddable":true,"href":"https:\/\/zonaroja.com.mx\/index.php?rest_route=%2Fwp%2Fv2%2Ftags&post=7162"}],"curies":[{"name":"wp","href":"https:\/\/api.w.org\/{rel}","templated":true}]}}