{"id":71625,"date":"2024-08-21T19:51:11","date_gmt":"2024-08-22T01:51:11","guid":{"rendered":"https:\/\/zonaroja.com.mx\/?p=71625"},"modified":"2024-08-21T19:51:13","modified_gmt":"2024-08-22T01:51:13","slug":"crece-intolerancia-contra-evangelicos-en-oaxaca-retienen-a-mujeres-y-destruyen-bienes","status":"publish","type":"post","link":"https:\/\/zonaroja.com.mx\/?p=71625","title":{"rendered":"Crece intolerancia contra evang\u00e9licos en Oaxaca: retienen a mujeres y destruyen bienes"},"content":{"rendered":"\n<p>Ismael Garc\u00eda M.\/Zona Roja.<\/p>\n\n\n\n<p>Oaxaca de Ju\u00e1rez, Oax., a 21 de agosto de 2024.- La intolerancia religiosa escal\u00f3 en Oaxaca y al menos tres mujeres fueron retenidas y violentadas en la comunidad de Cerro Caj\u00f3n, San Juan Lalana, adem\u00e1s de destruirles sus bienes.<\/p>\n\n\n\n<p>De acuerdo con un video que circularon a trav\u00e9s de las redes sociales y la confirmaci\u00f3n de la Iglesia Cristiana Interdenominacional, los hechos ocurrieron mientras una delegaci\u00f3n acud\u00eda a una mesa de di\u00e1logo, que no se realiz\u00f3, con la Secretar\u00eda de Gobierno, en la localidad de San Lorenzo.<\/p>\n\n\n\n<p>Las v\u00edctimas retenidas por varias horas y golpeadas fueron identificadas como Maximina Contrera Antonio, Esmeralda Antonio y Cristina Hern\u00e1ndez, la primera de ellas de edad avanzada; en las primeras horas de hoy fueron puestas en libertad pero antes les destruyeron sus viviendas y sus escasos bienes.<\/p>\n\n\n\n<p>En un comunicado, la Iglesia Cristiana Interdenominacional de Oaxaca dio a conocer que 10 meses de los sucesos violentos en Cerro Caj\u00f3n, San Isidro Arenal, San Juan Lalana, Tuxtepec, contin\u00faan las agresiones e intolerancia religiosa.<\/p>\n\n\n\n<p>\u201cSe han realizado las denuncias penales y los amparos correspondientes para que el Gobierno Federal act\u00fae y haga valer el derecho a la vida, a la integridad personal, la seguridad, a la protecci\u00f3n de bienes, a la libertad de culto y a la justicia. Sin embargo, no hemos recibido respuesta de parte de las autoridades.&nbsp;<\/p>\n\n\n\n<p>\u201cRespetamos a nuestras autoridades, oramos por ellos, pero es tambi\u00e9n necesario levantar la voz ante la nula respuesta e intervenci\u00f3n en el tema de nuestros hermanos, y para visibilizar que Dios tiene mucho pueblo en Oaxaca\u201d, destac\u00f3.&nbsp;<\/p>\n","protected":false},"excerpt":{"rendered":"<p>Ismael Garc\u00eda M.\/Zona Roja. Oaxaca de Ju\u00e1rez, Oax., a 21 de agosto de 2024.- La&hellip;<\/p>\n","protected":false},"author":2,"featured_media":71626,"comment_status":"closed","ping_status":"open","sticky":false,"template":"","format":"standard","meta":{"_lmt_disableupdate":"","_lmt_disable":"","_jetpack_memberships_contains_paid_content":false,"footnotes":""},"categories":[109,47],"tags":[4038,1372,1083],"class_list":["post-71625","post","type-post","status-publish","format-standard","has-post-thumbnail","hentry","category-minuto-a-minuto","category-zona-gris","tag-cerro-cajon","tag-intolerancia-religiosa-oaxaca","tag-san-juan-lalana"],"jetpack_featured_media_url":"https:\/\/zonaroja.com.mx\/wp-content\/uploads\/2024\/08\/9116cb78-a3bd-4dc2-8b1c-7cc576e799d3.webp","jetpack_sharing_enabled":true,"_links":{"self":[{"href":"https:\/\/zonaroja.com.mx\/index.php?rest_route=\/wp\/v2\/posts\/71625","targetHints":{"allow":["GET"]}}],"collection":[{"href":"https:\/\/zonaroja.com.mx\/index.php?rest_route=\/wp\/v2\/posts"}],"about":[{"href":"https:\/\/zonaroja.com.mx\/index.php?rest_route=\/wp\/v2\/types\/post"}],"author":[{"embeddable":true,"href":"https:\/\/zonaroja.com.mx\/index.php?rest_route=\/wp\/v2\/users\/2"}],"replies":[{"embeddable":true,"href":"https:\/\/zonaroja.com.mx\/index.php?rest_route=%2Fwp%2Fv2%2Fcomments&post=71625"}],"version-history":[{"count":1,"href":"https:\/\/zonaroja.com.mx\/index.php?rest_route=\/wp\/v2\/posts\/71625\/revisions"}],"predecessor-version":[{"id":71627,"href":"https:\/\/zonaroja.com.mx\/index.php?rest_route=\/wp\/v2\/posts\/71625\/revisions\/71627"}],"wp:featuredmedia":[{"embeddable":true,"href":"https:\/\/zonaroja.com.mx\/index.php?rest_route=\/wp\/v2\/media\/71626"}],"wp:attachment":[{"href":"https:\/\/zonaroja.com.mx\/index.php?rest_route=%2Fwp%2Fv2%2Fmedia&parent=71625"}],"wp:term":[{"taxonomy":"category","embeddable":true,"href":"https:\/\/zonaroja.com.mx\/index.php?rest_route=%2Fwp%2Fv2%2Fcategories&post=71625"},{"taxonomy":"post_tag","embeddable":true,"href":"https:\/\/zonaroja.com.mx\/index.php?rest_route=%2Fwp%2Fv2%2Ftags&post=71625"}],"curies":[{"name":"wp","href":"https:\/\/api.w.org\/{rel}","templated":true}]}}