{"id":71634,"date":"2024-08-21T20:58:53","date_gmt":"2024-08-22T02:58:53","guid":{"rendered":"https:\/\/zonaroja.com.mx\/?p=71634"},"modified":"2024-08-21T20:58:55","modified_gmt":"2024-08-22T02:58:55","slug":"asesinan-a-otras-tres-personas-ahora-en-la-costa-oaxaquena","status":"publish","type":"post","link":"https:\/\/zonaroja.com.mx\/?p=71634","title":{"rendered":"Asesinan a otras tres personas, ahora en la Costa oaxaque\u00f1a"},"content":{"rendered":"\n<p>Raymundo Morales\/Zona Roja.<\/p>\n\n\n\n<p>Oaxaca de Ju\u00e1rez, Oax., a 21 de agosto de 2024.- Otras tres personas fueron asesinadas este mi\u00e9rcoles en Oaxaca, ahora en la regi\u00f3n de la Costa.<\/p>\n\n\n\n<p>En la localidad de La Cumbre, municipio de Santiago Tetepec, fueron ultimadas a balazos dos personas, padre e hijo; las v\u00edctimas a\u00fan no han sido identificadas.<\/p>\n\n\n\n<p>Hasta el momento se desconoce el m\u00f3vil del doble asesinato y el caso lo investiga la Vicefiscal\u00eda Regional de la Costa.<\/p>\n\n\n\n<p>Mientras tanto, en la agencia de Collantes, perteneciente al municipio de Santiago Pinotepa Nacional, un joven fue ultimado a balazos.<\/p>\n\n\n\n<p>El hoy occiso respondi\u00f3 en vida al nombre de Diego S., de 26 a\u00f1os de edad, y tampoco se conoce las causas por las cuales haya sido agredido por sujetos desconocidos.<\/p>\n\n\n\n<p>Como se inform\u00f3, en Ocotl\u00e1n de Morelos este mediod\u00eda fue ejecutado a balazos un individuo, en el interior de una ferreter\u00eda ubicada en el centro de dicho municipio.<\/p>\n\n\n\n<p>Mientras que ayer en Santa Mar\u00eda Pe\u00f1oles, en una probable ri\u00f1a, perdieron la vida dos personas del sexo masculino y dos m\u00e1s resultaron lesionadas.<\/p>\n","protected":false},"excerpt":{"rendered":"<p>Raymundo Morales\/Zona Roja. Oaxaca de Ju\u00e1rez, Oax., a 21 de agosto de 2024.- Otras tres&hellip;<\/p>\n","protected":false},"author":2,"featured_media":69717,"comment_status":"closed","ping_status":"open","sticky":false,"template":"","format":"standard","meta":{"_lmt_disableupdate":"","_lmt_disable":"","_jetpack_memberships_contains_paid_content":false,"footnotes":""},"categories":[109,51],"tags":[916],"class_list":["post-71634","post","type-post","status-publish","format-standard","has-post-thumbnail","hentry","category-minuto-a-minuto","category-zona-roja","tag-pinotepa-nacional"],"jetpack_featured_media_url":"https:\/\/zonaroja.com.mx\/wp-content\/uploads\/2024\/06\/Escena-del-crimen-asesinato.jpeg","jetpack_sharing_enabled":true,"_links":{"self":[{"href":"https:\/\/zonaroja.com.mx\/index.php?rest_route=\/wp\/v2\/posts\/71634","targetHints":{"allow":["GET"]}}],"collection":[{"href":"https:\/\/zonaroja.com.mx\/index.php?rest_route=\/wp\/v2\/posts"}],"about":[{"href":"https:\/\/zonaroja.com.mx\/index.php?rest_route=\/wp\/v2\/types\/post"}],"author":[{"embeddable":true,"href":"https:\/\/zonaroja.com.mx\/index.php?rest_route=\/wp\/v2\/users\/2"}],"replies":[{"embeddable":true,"href":"https:\/\/zonaroja.com.mx\/index.php?rest_route=%2Fwp%2Fv2%2Fcomments&post=71634"}],"version-history":[{"count":1,"href":"https:\/\/zonaroja.com.mx\/index.php?rest_route=\/wp\/v2\/posts\/71634\/revisions"}],"predecessor-version":[{"id":71635,"href":"https:\/\/zonaroja.com.mx\/index.php?rest_route=\/wp\/v2\/posts\/71634\/revisions\/71635"}],"wp:featuredmedia":[{"embeddable":true,"href":"https:\/\/zonaroja.com.mx\/index.php?rest_route=\/wp\/v2\/media\/69717"}],"wp:attachment":[{"href":"https:\/\/zonaroja.com.mx\/index.php?rest_route=%2Fwp%2Fv2%2Fmedia&parent=71634"}],"wp:term":[{"taxonomy":"category","embeddable":true,"href":"https:\/\/zonaroja.com.mx\/index.php?rest_route=%2Fwp%2Fv2%2Fcategories&post=71634"},{"taxonomy":"post_tag","embeddable":true,"href":"https:\/\/zonaroja.com.mx\/index.php?rest_route=%2Fwp%2Fv2%2Ftags&post=71634"}],"curies":[{"name":"wp","href":"https:\/\/api.w.org\/{rel}","templated":true}]}}