{"id":71636,"date":"2024-08-21T21:01:17","date_gmt":"2024-08-22T03:01:17","guid":{"rendered":"https:\/\/zonaroja.com.mx\/?p=71636"},"modified":"2024-08-21T21:01:19","modified_gmt":"2024-08-22T03:01:19","slug":"el-mayo-tenia-razon-ataque-a-cuen-ocurrio-en-lugar-donde-lo-secuestraron","status":"publish","type":"post","link":"https:\/\/zonaroja.com.mx\/?p=71636","title":{"rendered":"\u00abEl Mayo\u00bb ten\u00eda raz\u00f3n: ataque a Cu\u00e9n ocurri\u00f3 en lugar donde lo secuestraron"},"content":{"rendered":"\n<p>Redacci\u00f3n\/Zona Roja Cdmx.<\/p>\n\n\n\n<p>Ciudad de M\u00e9xico, a 21 de agosto de 2024.- La Fiscal\u00eda General de la Rep\u00fablica (FGR) inform\u00f3 que ya localiz\u00f3 el inmueble en el que habr\u00eda ocurrido el secuestro de Ismael \u00bbEl Mayo\u00bb Zambada Garc\u00eda, l\u00edder del C\u00e1rtel de Sinaloa, adem\u00e1s de la agresi\u00f3n que provoc\u00f3 la muerte del empresario H\u00e9ctor Melesio Cu\u00e9n Ojeda, lo cual tira la versi\u00f3n oficial sobre el crimen por parte de la Fiscal\u00eda de Sinaloa.<\/p>\n\n\n\n<p>La autoridad se\u00f1al\u00f3 que logr\u00f3 establecer, con precisi\u00f3n, que la informaci\u00f3n sobre el ataque a Cu\u00e9n en una gasolinera en el municipio de Culiac\u00e1n \u00bbno es aceptable, ni cuenta con los elementos fidedignos de prueba que permitan tomarla en cuenta\u2019&#8217;.<\/p>\n\n\n\n<p>La Fiscal\u00eda tambi\u00e9n encontr\u00f3 la pista de Sinaloa de donde sali\u00f3 el avi\u00f3n que fue utilizado para el presunto secuestro de Zambada, llevado a cabo por parte de Joaqu\u00edn Guzm\u00e1n L\u00f3pez, hijo de Joaqu\u00edn Guzm\u00e1n Loera. Mostr\u00f3 im\u00e1genes del lugar:<\/p>\n\n\n\n<p>Sobre Guzm\u00e1n L\u00f3pez, la autoridad agreg\u00f3 que ya est\u00e1 preparada la solicitud de orden de aprehensi\u00f3n por secuestro y tambi\u00e9n por la privaci\u00f3n ilegal de la libertad de una persona en territorio nacional para entregarla a las autoridades de otro pa\u00eds, traslad\u00e1ndola fuera de M\u00e9xico con tal prop\u00f3sito.<\/p>\n\n\n\n<p>El inmueble vinculado al secuestro de Zambada y Cu\u00e9n fue asegurado por parte de autoridades mexicanas mientras se llevan a cabo las investigaciones. En el lugar se cometieron los probables delitos de privaci\u00f3n ilegal de la libertad, homicidios, lesiones y actos vinculados con desaparici\u00f3n forzada.<\/p>\n\n\n\n<p>Adem\u00e1s fueron identificados los veh\u00edculos que presuntos aliados de Joaqu\u00edn L\u00f3pez usaron para trasladar al \u00bbMayo\u00bb.<\/p>\n\n\n\n<p>A principios de agosto, el capo mexicano Zambada asegur\u00f3 que fue enga\u00f1ado por el hijo de Joaqu\u00edn \u00abEl Chapo\u00bb Guzm\u00e1n y con violencia obligado a subir a una aeronave que lo llev\u00f3 de Sinaloa a El Paso, Texas, Estados Unidos.<\/p>\n\n\n\n<p>\u00abEl Mayo\u00bb explic\u00f3 en el documento difundido por su representante legal, Frank P\u00e9rez, que fue \u00abemboscado\u00bb durante lo que ser\u00eda una reuni\u00f3n con Joaqu\u00edn Guzm\u00e1n L\u00f3pez, hijo de \u00abEl Chapo\u00bb Guzm\u00e1n, detenido en Estados Unidos, y l\u00edderes pol\u00edticos del estado Sinaloa, entre ellos H\u00e9ctor Cuen -asesinado el d\u00eda de la detenci\u00f3n de Zambada- y el gobernador Rub\u00e9n Rocha.<\/p>\n\n\n\n<p>\u00abMientras caminaba hacia la zona de reuniones, vi a H\u00e9ctor Cuen (y) Joaqu\u00edn Guzm\u00e1n L\u00f3pez, a quien conozco desde que era un ni\u00f1o, y me hizo un gesto para que le siguiera\u00bb, narr\u00f3 Zambada. \u00abEn cuanto puse un pie dentro de aquella habitaci\u00f3n, me tendieron una emboscada\u00bb, agreg\u00f3.<\/p>\n\n\n\n<p>Zambada dijo que a Cu\u00e9n lo mataron en ese mismo lugar, a pesar de que la Fiscal\u00eda de Sinaloa hab\u00eda informado que el crimen ocurri\u00f3 en una gasolinera, en un presunto asalto.<\/p>\n\n\n\n<p>El reporte de la FGR se da despu\u00e9s de que Sara Bruna Qui\u00f1\u00f3nez Estrada dejara la titularidad de la Fiscal\u00eda estatal, por recomendaci\u00f3n del gobernador Rub\u00e9n Rocha Moya.<\/p>\n\n\n\n<p>Aunque durante su campa\u00f1a, Rocha dej\u00f3 abierta la puerta a una reuni\u00f3n con l\u00edderes del C\u00e1rtel de Sinaloa para hallar la paz, en las \u00faltimas semanas ha negado que fuera a participar en el encuentro del que habl\u00f3 Ismael Zambada.<\/p>\n\n\n\n<p>(Con informaci\u00f3n de la agencia Reuters, en \u201cExpansi\u00f3n Pol\u00edtica\u201d)<\/p>\n","protected":false},"excerpt":{"rendered":"<p>Redacci\u00f3n\/Zona Roja Cdmx. Ciudad de M\u00e9xico, a 21 de agosto de 2024.- La Fiscal\u00eda General&hellip;<\/p>\n","protected":false},"author":2,"featured_media":70747,"comment_status":"closed","ping_status":"open","sticky":false,"template":"","format":"standard","meta":{"_lmt_disableupdate":"","_lmt_disable":"","_jetpack_memberships_contains_paid_content":false,"footnotes":""},"categories":[109,47],"tags":[4031,3847],"class_list":["post-71636","post","type-post","status-publish","format-standard","has-post-thumbnail","hentry","category-minuto-a-minuto","category-zona-gris","tag-hector-melesio-cuen","tag-ismael-el-mayo-zambada"],"jetpack_featured_media_url":"https:\/\/zonaroja.com.mx\/wp-content\/uploads\/2024\/07\/Mayo-Zambada.jpg","jetpack_sharing_enabled":true,"_links":{"self":[{"href":"https:\/\/zonaroja.com.mx\/index.php?rest_route=\/wp\/v2\/posts\/71636","targetHints":{"allow":["GET"]}}],"collection":[{"href":"https:\/\/zonaroja.com.mx\/index.php?rest_route=\/wp\/v2\/posts"}],"about":[{"href":"https:\/\/zonaroja.com.mx\/index.php?rest_route=\/wp\/v2\/types\/post"}],"author":[{"embeddable":true,"href":"https:\/\/zonaroja.com.mx\/index.php?rest_route=\/wp\/v2\/users\/2"}],"replies":[{"embeddable":true,"href":"https:\/\/zonaroja.com.mx\/index.php?rest_route=%2Fwp%2Fv2%2Fcomments&post=71636"}],"version-history":[{"count":1,"href":"https:\/\/zonaroja.com.mx\/index.php?rest_route=\/wp\/v2\/posts\/71636\/revisions"}],"predecessor-version":[{"id":71637,"href":"https:\/\/zonaroja.com.mx\/index.php?rest_route=\/wp\/v2\/posts\/71636\/revisions\/71637"}],"wp:featuredmedia":[{"embeddable":true,"href":"https:\/\/zonaroja.com.mx\/index.php?rest_route=\/wp\/v2\/media\/70747"}],"wp:attachment":[{"href":"https:\/\/zonaroja.com.mx\/index.php?rest_route=%2Fwp%2Fv2%2Fmedia&parent=71636"}],"wp:term":[{"taxonomy":"category","embeddable":true,"href":"https:\/\/zonaroja.com.mx\/index.php?rest_route=%2Fwp%2Fv2%2Fcategories&post=71636"},{"taxonomy":"post_tag","embeddable":true,"href":"https:\/\/zonaroja.com.mx\/index.php?rest_route=%2Fwp%2Fv2%2Ftags&post=71636"}],"curies":[{"name":"wp","href":"https:\/\/api.w.org\/{rel}","templated":true}]}}