{"id":71645,"date":"2024-08-22T08:30:00","date_gmt":"2024-08-22T14:30:00","guid":{"rendered":"https:\/\/zonaroja.com.mx\/?p=71645"},"modified":"2024-08-22T07:11:57","modified_gmt":"2024-08-22T13:11:57","slug":"ayuntamiento-de-oaxaca-y-la-urse-firman-convenio-de-colaboracion","status":"publish","type":"post","link":"https:\/\/zonaroja.com.mx\/?p=71645","title":{"rendered":"Ayuntamiento de Oaxaca y la URSe firman convenio de colaboraci\u00f3n"},"content":{"rendered":"\n<p>Redacci\u00f3n\/Zona Roja.<\/p>\n\n\n\n<p>Oaxaca de Ju\u00e1rez, Oax., 22 de agosto de 2024.- El ayuntamiento de Oaxaca de Ju\u00e1rez y la Universidad Regional del Sureste (URSE) firmaron un convenio de colaboraci\u00f3n, con el fin de estrechar lazos de cooperaci\u00f3n y agilizar la participaci\u00f3n de estudiantes de los \u00faltimos semestres en los servicios de atenci\u00f3n a la salud que brinda el gobierno municipal.&nbsp;<\/p>\n\n\n\n<p>El presidente municipal Francisco Mart\u00ednez Neri, quien sign\u00f3 como testigo de honor el acuerdo, subray\u00f3 la importancia de la vinculaci\u00f3n entre las instituciones educativas y el gobierno municipal:&nbsp;<\/p>\n\n\n\n<p>\u201cLas universidades son las generadoras del conocimiento. En ellas se forman hombres y mujeres para resolver los grandes problemas de la sociedad. Este convenio permitir\u00e1 a los estudiantes aplicar su conocimiento, habilidades y vocaci\u00f3n de servicio en beneficio de la comunidad oaxaque\u00f1a\u201d.<\/p>\n\n\n\n<p>Esta alianza estrat\u00e9gica no solo fortalecer\u00e1 las capacidades operativas del DIF Municipal sino que al mismo tiempo ofrecer\u00e1 a los estudiantes universitarios valiosas oportunidades para desarrollar sus competencias profesionales.<\/p>\n\n\n\n<p>El convenio firmado permitir\u00e1 que los estudiantes de la URSE realicen sus pr\u00e1cticas profesionales y servicio social en diversas \u00e1reas del Sistema DIF Municipal. Este esfuerzo colaborativo es clave para atender a sectores prioritarios como ni\u00f1as, ni\u00f1os, adolescentes, adultos mayores y personas en situaci\u00f3n de vulnerabilidad.<\/p>\n\n\n\n<p>Las \u00e1reas beneficiadas incluyen la Unidad de Salud Familiar, la Unidad B\u00e1sica de Rehabilitaci\u00f3n (UBR), la Procuradur\u00eda de Atenci\u00f3n a Ni\u00f1as y Adolescentes, la Casa Hogar para Adultos Mayores y el Departamento de Atenci\u00f3n a Casas de D\u00eda.&nbsp;<\/p>\n\n\n\n<p>El acto protocolario cont\u00f3 con la presencia para firma de Yisvi Belem Nolasco Legaspi, Directora General del Comit\u00e9 Municipal del Sistema DIF; Miguel \u00c1ngel Hern\u00e1ndez Mendoza, Rector de la Universidad Regional del Sureste; Claudia Patricia Reyes S\u00e1nchez, Directora General de Asuntos Estudiantiles; Rafael Arturo Urba\u00f1a Calvo, Director de la Facultad de Psicolog\u00eda; Margarita Rosalba Garc\u00eda Legaspi, Directora de la Escuela de Enfermer\u00eda; y Enrique de Gyves Escobar, Director de la Escuela de Nutrici\u00f3n.<\/p>\n\n\n\n<p>La Directora General del DIF Municipal, destac\u00f3: \u201cEstamos muy contentos por los esfuerzos del DIF y de nuestro servicio a la comunidad. Seguimos comprometidos en acercarnos a la ciudadan\u00eda y este convenio nos permitir\u00e1 seguir siendo aliados en la mejora continua de los servicios de calidad que ofrecemos. Y es que ser\u00e1 una plataforma para que los j\u00f3venes desarrollen experiencia pr\u00e1ctica en sus respectivas \u00e1reas de estudio, como psicolog\u00eda, medicina, nutrici\u00f3n, entre otras\u201d. &nbsp;<\/p>\n\n\n\n<p>La Universidad Regional del Sureste, con su compromiso con la excelencia acad\u00e9mica y el servicio a la sociedad, se posiciona como un aliado clave en esta iniciativa.<\/p>\n\n\n\n<p>Asimismo, el liderazgo del primer concejal ha sido fundamental para impulsar acciones que fortalezcan el tejido social en Oaxaca de Ju\u00e1rez. Su visi\u00f3n clara y compromiso con el bienestar de la ciudadan\u00eda se refleja en la creaci\u00f3n de alianzas estrat\u00e9gicas, como la establecida con la Universidad Regional del Sureste.<\/p>\n\n\n\n<p>Durante su administraci\u00f3n, el ayuntamiento ha priorizado iniciativas que no solo atienden las necesidades inmediatas de los sectores m\u00e1s vulnerables, sino que tambi\u00e9n invierten en el desarrollo y formaci\u00f3n de los j\u00f3venes, asegurando un futuro m\u00e1s prometedor para la comunidad oaxaque\u00f1a.<\/p>\n","protected":false},"excerpt":{"rendered":"<p>Redacci\u00f3n\/Zona Roja. Oaxaca de Ju\u00e1rez, Oax., 22 de agosto de 2024.- El ayuntamiento de Oaxaca&hellip;<\/p>\n","protected":false},"author":2,"featured_media":71646,"comment_status":"closed","ping_status":"open","sticky":false,"template":"","format":"standard","meta":{"_lmt_disableupdate":"","_lmt_disable":"","_jetpack_memberships_contains_paid_content":false,"footnotes":""},"categories":[109,46],"tags":[148],"class_list":["post-71645","post","type-post","status-publish","format-standard","has-post-thumbnail","hentry","category-minuto-a-minuto","category-zona-blanca","tag-oaxaca-de-juarez"],"jetpack_featured_media_url":"https:\/\/zonaroja.com.mx\/wp-content\/uploads\/2024\/08\/Convenio-Urse-Martinez-Neri.jpeg","jetpack_sharing_enabled":true,"_links":{"self":[{"href":"https:\/\/zonaroja.com.mx\/index.php?rest_route=\/wp\/v2\/posts\/71645","targetHints":{"allow":["GET"]}}],"collection":[{"href":"https:\/\/zonaroja.com.mx\/index.php?rest_route=\/wp\/v2\/posts"}],"about":[{"href":"https:\/\/zonaroja.com.mx\/index.php?rest_route=\/wp\/v2\/types\/post"}],"author":[{"embeddable":true,"href":"https:\/\/zonaroja.com.mx\/index.php?rest_route=\/wp\/v2\/users\/2"}],"replies":[{"embeddable":true,"href":"https:\/\/zonaroja.com.mx\/index.php?rest_route=%2Fwp%2Fv2%2Fcomments&post=71645"}],"version-history":[{"count":1,"href":"https:\/\/zonaroja.com.mx\/index.php?rest_route=\/wp\/v2\/posts\/71645\/revisions"}],"predecessor-version":[{"id":71647,"href":"https:\/\/zonaroja.com.mx\/index.php?rest_route=\/wp\/v2\/posts\/71645\/revisions\/71647"}],"wp:featuredmedia":[{"embeddable":true,"href":"https:\/\/zonaroja.com.mx\/index.php?rest_route=\/wp\/v2\/media\/71646"}],"wp:attachment":[{"href":"https:\/\/zonaroja.com.mx\/index.php?rest_route=%2Fwp%2Fv2%2Fmedia&parent=71645"}],"wp:term":[{"taxonomy":"category","embeddable":true,"href":"https:\/\/zonaroja.com.mx\/index.php?rest_route=%2Fwp%2Fv2%2Fcategories&post=71645"},{"taxonomy":"post_tag","embeddable":true,"href":"https:\/\/zonaroja.com.mx\/index.php?rest_route=%2Fwp%2Fv2%2Ftags&post=71645"}],"curies":[{"name":"wp","href":"https:\/\/api.w.org\/{rel}","templated":true}]}}