{"id":71648,"date":"2024-08-22T08:30:00","date_gmt":"2024-08-22T14:30:00","guid":{"rendered":"https:\/\/zonaroja.com.mx\/?p=71648"},"modified":"2024-08-22T07:31:50","modified_gmt":"2024-08-22T13:31:50","slug":"casi-un-mes-despues-de-agresiones-a-evangelicos-reacciona-la-ddhpo","status":"publish","type":"post","link":"https:\/\/zonaroja.com.mx\/?p=71648","title":{"rendered":"Casi un mes despu\u00e9s de agresiones a evang\u00e9licos, reacciona la DDHPO"},"content":{"rendered":"\n<p>Ismael Garc\u00eda M.\/Zona Roja.<\/p>\n\n\n\n<p>Oaxaca de Ju\u00e1rez, Oax., a 22 de agosto de 2024.- A casi un mes de los m\u00e1s recientes hechos violentos en contra de cristianos evang\u00e9licos en San Juan Lalana, la Defensor\u00eda de los Derechos Humanos del Pueblo de Oaxaca emiti\u00f3 una Medida Cautelar.<\/p>\n\n\n\n<p>\u201cPor presuntas violaciones a los derechos a la dignidad, a la libertad (f\u00edsica y de culto), a la integridad y seguridad personal y a la propiedad, por parte de autoridades de San Isidro el Arenal, comunidad perteneciente al municipio de San Juan Lalana, en agravio de una familia de esa localidad cuya religi\u00f3n es distinta a la cat\u00f3lica, la Defensor\u00eda de los Derechos Humanos del Pueblo de Oaxaca emiti\u00f3 la Medida Cautelar 19\/2024\u201d, inform\u00f3 anoche a trav\u00e9s de las redes sociales.<\/p>\n\n\n\n<p>Sin embargo, de acuerdo con la propia Secretar\u00eda de Gobierno, desde inicios de este mes se han agudizado las agresiones en contra de los evang\u00e9licos en la rancher\u00eda de Cerro Caj\u00f3n de Lalana, cuando les quemaron su templo y les robaron ganado y otros bienes.<\/p>\n\n\n\n<p>En el transcurso de agosto, ha habido tambi\u00e9n retenciones de hombres y mujeres, as\u00ed como desplazamientos, agresiones y amenazas de destierro; seg\u00fan el Gobierno del Estado, se ha atendido mediante el di\u00e1logo el conflicto, aunque el pasado martes no se pudo llevar a cabo la reuni\u00f3n programada entre las partes.<\/p>\n\n\n\n<p>En un comunicado emitido esta ma\u00f1ana, el organismo a cargo de Elizabeth Lara Rodr\u00edguez, detall\u00f3 que la medida est\u00e1 dirigida al secretario de Gobierno del Estado de Oaxaca; al fiscal General del Estado de Oaxaca y al presidente municipal de San Juan Lalana, Oaxaca.<\/p>\n\n\n\n<p>\u201cEste organismo protector de derechos humanos ha documentado que con motivo de profesar una religi\u00f3n distinta a la cat\u00f3lica, pobladores de San Isidro el Arenal, San Juan Lalana, han privado de la libertad a un grupo de personas, entre ellos a mujeres, ni\u00f1os, y una persona mayor con discapacidad, adem\u00e1s de que ingresaron a sus viviendas con el objeto de destruirlas para finalmente expulsarlos de la comunidad, bajo el argumento de que \u2018por usos y costumbres no est\u00e1 permitido profesar otra fe que no sea la cat\u00f3lica\u2019\u201d.<\/p>\n\n\n\n<p>Al secretario de Gobierno del estado de Oaxaca y al presidente municipal constitucional de San Juan Lalana, pidi\u00f3 se realicen de forma coordinada las acciones necesarias, suficientes e id\u00f3neas para que, tomando en consideraci\u00f3n las especificidades de g\u00e9nero y edad, as\u00ed como otras condiciones particulares en las que se encuentren los agraviados, se salvaguarden sus derechos a la dignidad, a la libertad (f\u00edsica y de culto), a la integridad y seguridad personales y a la propiedad.<\/p>\n\n\n\n<p>\u201cEn caso de que existan conductas posiblemente constitutivas de delito, colaboren institucionalmente en el seguimiento de las mismas, as\u00ed como en la aportaci\u00f3n de pruebas, realizar las acciones necesarias para que, tomando en consideraci\u00f3n las caracter\u00edsticas particulares en las que se encuentra la persona adulta mayor agraviada, le sean brindadas las atenciones m\u00e9dicas suficientes, necesarias y oportunas para garantizar su derecho a la salud y que, al mismo tiempo, ello sea otorgado con un trato digno y adecuado hacia la misma\u201d.<\/p>\n\n\n\n<p>Al secretario de Gobierno del estado de Oaxaca, al fiscal General del Estado de Oaxaca y al presidente municipal constitucional de San Juan Lalana, en coordinaci\u00f3n interinstitucional, demand\u00f3 se garanticen a las personas afectadas condiciones de seguridad m\u00ednimas para que habiten y pernocten el tiempo que sea necesario en un alojamiento alternativo, en tanto se crean las condiciones suficientes para que \u00e9stos puedan volver a sus hogares.<\/p>\n\n\n\n<p>En espec\u00edfico, a la Fiscal\u00eda se requiere que se giren las instrucciones para que se inicien las indagatorias a fin de garantizar la protecci\u00f3n de los agraviados y se les hagan de su conocimiento, con la asistencia de un traductor en su idioma, las acciones a que tienen derecho y presenten, ratifiquen y\/o ampl\u00eden las denuncias correspondientes, as\u00ed como, desahoguen las diligencias ministeriales a que haya lugar en la integraci\u00f3n de la carpeta de investigaci\u00f3n iniciada.<\/p>\n\n\n\n<p>De igual forma, se giren las instrucciones que correspondan para que de manera inmediata se les brinden a los agraviados, en su calidad de probables v\u00edctimas de delito, las medidas de ayuda, asistencia, atenci\u00f3n, protecci\u00f3n y rehabilitaci\u00f3n a que haya lugar, en tanto se investigan los hechos denunciados, que incluyan un lugar de alojamiento alternativo que cuente con las condiciones de estancia digna.<\/p>\n","protected":false},"excerpt":{"rendered":"<p>Ismael Garc\u00eda M.\/Zona Roja. Oaxaca de Ju\u00e1rez, Oax., a 22 de agosto de 2024.- A&hellip;<\/p>\n","protected":false},"author":2,"featured_media":71622,"comment_status":"closed","ping_status":"open","sticky":false,"template":"","format":"standard","meta":{"_lmt_disableupdate":"","_lmt_disable":"","_jetpack_memberships_contains_paid_content":false,"footnotes":""},"categories":[109,46],"tags":[287,1372,1083],"class_list":["post-71648","post","type-post","status-publish","format-standard","has-post-thumbnail","hentry","category-minuto-a-minuto","category-zona-blanca","tag-ddhpo","tag-intolerancia-religiosa-oaxaca","tag-san-juan-lalana"],"jetpack_featured_media_url":"https:\/\/zonaroja.com.mx\/wp-content\/uploads\/2024\/08\/Evangelicos-Cerro-Cajon.jpeg","jetpack_sharing_enabled":true,"_links":{"self":[{"href":"https:\/\/zonaroja.com.mx\/index.php?rest_route=\/wp\/v2\/posts\/71648","targetHints":{"allow":["GET"]}}],"collection":[{"href":"https:\/\/zonaroja.com.mx\/index.php?rest_route=\/wp\/v2\/posts"}],"about":[{"href":"https:\/\/zonaroja.com.mx\/index.php?rest_route=\/wp\/v2\/types\/post"}],"author":[{"embeddable":true,"href":"https:\/\/zonaroja.com.mx\/index.php?rest_route=\/wp\/v2\/users\/2"}],"replies":[{"embeddable":true,"href":"https:\/\/zonaroja.com.mx\/index.php?rest_route=%2Fwp%2Fv2%2Fcomments&post=71648"}],"version-history":[{"count":1,"href":"https:\/\/zonaroja.com.mx\/index.php?rest_route=\/wp\/v2\/posts\/71648\/revisions"}],"predecessor-version":[{"id":71649,"href":"https:\/\/zonaroja.com.mx\/index.php?rest_route=\/wp\/v2\/posts\/71648\/revisions\/71649"}],"wp:featuredmedia":[{"embeddable":true,"href":"https:\/\/zonaroja.com.mx\/index.php?rest_route=\/wp\/v2\/media\/71622"}],"wp:attachment":[{"href":"https:\/\/zonaroja.com.mx\/index.php?rest_route=%2Fwp%2Fv2%2Fmedia&parent=71648"}],"wp:term":[{"taxonomy":"category","embeddable":true,"href":"https:\/\/zonaroja.com.mx\/index.php?rest_route=%2Fwp%2Fv2%2Fcategories&post=71648"},{"taxonomy":"post_tag","embeddable":true,"href":"https:\/\/zonaroja.com.mx\/index.php?rest_route=%2Fwp%2Fv2%2Ftags&post=71648"}],"curies":[{"name":"wp","href":"https:\/\/api.w.org\/{rel}","templated":true}]}}