{"id":7165,"date":"2019-12-31T18:29:39","date_gmt":"2020-01-01T00:29:39","guid":{"rendered":"http:\/\/www.zonaroja.com.mx\/?p=7165"},"modified":"2019-12-31T18:29:44","modified_gmt":"2020-01-01T00:29:44","slug":"piden-apoyo-para-el-rescate-de-monumento-artistico-en-talea-de-castro","status":"publish","type":"post","link":"https:\/\/zonaroja.com.mx\/?p=7165","title":{"rendered":"Piden apoyo para el rescate de monumento art\u00edstico en Talea de Castro"},"content":{"rendered":"\n<p>Evlin Arag\u00f3n\/Zona Roja.<\/p>\n\n\n\n<p>Oaxaca de Ju\u00e1rez, Oax., 31 de diciembre\nde 2019.- Habitantes de Talea de Castro, municipio ubicado en la Sierra Ju\u00e1rez\nde Oaxaca, iniciaron una campa\u00f1a de recaudaci\u00f3n de fondos para la\nreconstrucci\u00f3n y restauraci\u00f3n del Palacio Municipal de la localidad, declarado\nMonumento Art\u00edstico por el Instituto Nacional de Antropolog\u00eda e Historia\n(INAH).<\/p>\n\n\n\n<p>Mediante un video de tres minutos de\nduraci\u00f3n, se hace un llamado a las comunidad de Talea de Castro para no dejar\nque se pierda este importante referente arquitect\u00f3nico y art\u00edstico \u00fanico en la\nzona, que debido al paso del tiempo y los sismos de hace dos a\u00f1os necesita\nintervenci\u00f3n urgente.<\/p>\n\n\n\n<p>Explicaron que actualmente se est\u00e1 por\niniciar la primera etapa del proyecto de rescate para la cual se cuenta con un\nmonto total de un mill\u00f3n 200 mil pesos aportados por el Programa Nacional de\nReconstrucci\u00f3n, mismo que ser\u00e1 ejercido por el Instituto del Patrimonio\nCultural del Estado de Oaxaca que es responsable de la obra.<\/p>\n\n\n\n<p>Sin embargo, son muchos los da\u00f1os y\nafectaciones que tienen en este momento el edificio, por lo que es fundamental\ncontar con un mayor recursos que permitan la restauraci\u00f3n en su totalidad,\ncontemplando un aproximado de 8.5 millones de pesos, raz\u00f3n por la que apelan a\nla solidaridad de las y los paisanos y poblaci\u00f3n en general que gusten sumarse\na la causa.<\/p>\n\n\n\n<p>\u201cApelamos a la solidaridad de nuestros\npaisanos que radican fuera de la poblaci\u00f3n para que aporten su granito de arena\ny devolvamos a nuestro Palacio Municipal el esplendor que lo ha hecho acreedor\na ser nombrado Monumento Hist\u00f3rico por el Instituto Nacional de Antropolog\u00eda e\nHistoria\u201d, refiere el video.<\/p>\n\n\n\n<p>Indicaron que de acuerdo con la asamblea\ncelebrada en octubre pasado, se acord\u00f3 que la aportaci\u00f3n para personas\nradicadas fuera de la poblaci\u00f3n fuera m\u00ednimo de 800 pesos, mientras que quienes\nse encuentran en la localidad cooperaran 500 pesos mismos que podr\u00e1n realizarse\nen la tesorer\u00eda municipal o mediante la cuenta 1068951279 de Banorte,\nperteneciente a la Villa de Talea de Castro.<\/p>\n\n\n\n<p>Todo lo recaudado se utilizar\u00e1 para la\nsegunda etapa de la restauraci\u00f3n por lo que la campa\u00f1a de recaudaci\u00f3n se\ncerrara en enero del pr\u00f3ximo, as\u00ed mismo se trata de un llamado en conjunto de\nla autoridad municipal, el Comit\u00e9 de Restauraci\u00f3n del Palacio y la Asociaci\u00f3n\nde Taleanos Radicados en Oaxaca, quienes se han unido para la recaudaci\u00f3n de\nfondos en beneficio del patrimonio de la poblaci\u00f3n.<\/p>\n","protected":false},"excerpt":{"rendered":"<p>Evlin Arag\u00f3n\/Zona Roja. Oaxaca de Ju\u00e1rez, Oax., 31 de diciembre de 2019.- Habitantes de Talea&hellip;<\/p>\n","protected":false},"author":2,"featured_media":7166,"comment_status":"closed","ping_status":"open","sticky":false,"template":"","format":"standard","meta":{"_lmt_disableupdate":"","_lmt_disable":"","_jetpack_memberships_contains_paid_content":false,"footnotes":""},"categories":[109,46],"tags":[1211],"class_list":["post-7165","post","type-post","status-publish","format-standard","has-post-thumbnail","hentry","category-minuto-a-minuto","category-zona-blanca","tag-talea-de-castro"],"jetpack_featured_media_url":"https:\/\/zonaroja.com.mx\/wp-content\/uploads\/2019\/12\/Talea-de-Castro-1.jpg","jetpack_sharing_enabled":true,"_links":{"self":[{"href":"https:\/\/zonaroja.com.mx\/index.php?rest_route=\/wp\/v2\/posts\/7165","targetHints":{"allow":["GET"]}}],"collection":[{"href":"https:\/\/zonaroja.com.mx\/index.php?rest_route=\/wp\/v2\/posts"}],"about":[{"href":"https:\/\/zonaroja.com.mx\/index.php?rest_route=\/wp\/v2\/types\/post"}],"author":[{"embeddable":true,"href":"https:\/\/zonaroja.com.mx\/index.php?rest_route=\/wp\/v2\/users\/2"}],"replies":[{"embeddable":true,"href":"https:\/\/zonaroja.com.mx\/index.php?rest_route=%2Fwp%2Fv2%2Fcomments&post=7165"}],"version-history":[{"count":1,"href":"https:\/\/zonaroja.com.mx\/index.php?rest_route=\/wp\/v2\/posts\/7165\/revisions"}],"predecessor-version":[{"id":7167,"href":"https:\/\/zonaroja.com.mx\/index.php?rest_route=\/wp\/v2\/posts\/7165\/revisions\/7167"}],"wp:featuredmedia":[{"embeddable":true,"href":"https:\/\/zonaroja.com.mx\/index.php?rest_route=\/wp\/v2\/media\/7166"}],"wp:attachment":[{"href":"https:\/\/zonaroja.com.mx\/index.php?rest_route=%2Fwp%2Fv2%2Fmedia&parent=7165"}],"wp:term":[{"taxonomy":"category","embeddable":true,"href":"https:\/\/zonaroja.com.mx\/index.php?rest_route=%2Fwp%2Fv2%2Fcategories&post=7165"},{"taxonomy":"post_tag","embeddable":true,"href":"https:\/\/zonaroja.com.mx\/index.php?rest_route=%2Fwp%2Fv2%2Ftags&post=7165"}],"curies":[{"name":"wp","href":"https:\/\/api.w.org\/{rel}","templated":true}]}}