{"id":71650,"date":"2024-08-22T11:30:00","date_gmt":"2024-08-22T17:30:00","guid":{"rendered":"https:\/\/zonaroja.com.mx\/?p=71650"},"modified":"2024-08-22T07:51:18","modified_gmt":"2024-08-22T13:51:18","slug":"subcomandante-marcos-compara-a-amlo-con-diaz-ordaz","status":"publish","type":"post","link":"https:\/\/zonaroja.com.mx\/?p=71650","title":{"rendered":"Subcomandante Marcos compara a AMLO con D\u00edaz Ordaz"},"content":{"rendered":"\n<p>Redacci\u00f3n\/Zona Roja Cdmx.<\/p>\n\n\n\n<p>Ciudad de M\u00e9xico, a 22 de agosto de 2024.- El vocero del Ej\u00e9rcito Zapatista de Liberaci\u00f3n Nacional (EZLN), subcomandante Marcos, critic\u00f3 este mi\u00e9rcoles 21 de agosto al presidente Andr\u00e9s Manuel L\u00f3pez Obrador por proponer una reforma al Poder Judicial, adem\u00e1s de compararlo con antiguos mandatarios mexicanos, como D\u00edaz Ordaz.<\/p>\n\n\n\n<p>En su texto titulado \u201cEl Viaje\u201d, el subcomandante Marcos asegur\u00f3 que la administraci\u00f3n del presidente L\u00f3pez Obrador busca una autodefensa con la reforma al Poder Judicial: \u201cLa supuesta defensa del Poder Judicial no es sino una autodefensa. Los criminales tienden a unirse cuando se ven amenazados\u201d.<\/p>\n\n\n\n<p>Ante esto, asegur\u00f3 que las propuestas de AMLO se parecen a las de nueve mandatarios del PRI y PAN, quienes gobernaron M\u00e9xico en el \u00faltimo medio siglo, por ello lo compar\u00f3 con Gustavo D\u00edaz Ordaz, Luis Echeverr\u00eda, L\u00f3pez Portillo, Salinas de Gortari, Ernesto Zedillo, Felipe Calder\u00f3n y Pe\u00f1a Nieto.<\/p>\n\n\n\n<p>\u201cTuvo el autoritarismo de Gustavo D\u00edaz Ordaz; el nacionalismo de cart\u00f3n piedra de Luis Echeverr\u00eda \u00c1lvarez, la demagogia corrupta de Jos\u00e9 L\u00f3pez Portillo, la mediocridad administrativa de Miguel de la Madrid, la perversidad de Carlos Salinas de Gortari, la vocaci\u00f3n criminal de Ernesto Zedillo, la ignorancia enciclop\u00e9dica de Vicente Fox, el militarismo y la mecha corta de Felipe Calder\u00f3n, y la fr\u00edvola superficialidad de Enrique Pe\u00f1a Nieto\u201d, escribi\u00f3.<\/p>\n\n\n\n<p>En su escrito tambi\u00e9n critic\u00f3 a la oposici\u00f3n tras asegurar que los legisladores del PRI, PAN o Movimiento Ciudadano no buscan impedir una sobrerrepresentaci\u00f3n en el Congreso de la Uni\u00f3n, sino elevar el precio de su voto.<\/p>\n\n\n\n<p>\u201cLa estrategia de la mal llamada oposici\u00f3n de \u2018no a la sobrerrepresentaci\u00f3n\u2019, no busca el inexistente, desde hace d\u00e9cadas, equilibrio de poderes. Lo que quieren es elevar el precio de venta de sus decisiones en las c\u00e1maras. L\u00f3gica de mercado, pues\u201d, afirm\u00f3.<\/p>\n\n\n\n<p>Asimismo, cuestion\u00f3 a la oposici\u00f3n por permitir que Alejandro Moreno C\u00e1rdenas estuviera al frente del PRI en las elecciones de 2024, ya que no representa una opci\u00f3n elegible: \u201cEn serio pensaron que personajes como Alito, los Chuchos y como se llame el presidente del Acci\u00f3n Nacional, \u00bfser\u00edan una opci\u00f3n elegible? \u00bfQu\u00e9 las bobadas de Bertha \u201cjalar\u00edan\u201d al electorado joven?\u201d.<\/p>\n\n\n\n<p>(Informaci\u00f3n de \u201cEl Financiero\u201d)<\/p>\n","protected":false},"excerpt":{"rendered":"<p>Redacci\u00f3n\/Zona Roja Cdmx. Ciudad de M\u00e9xico, a 22 de agosto de 2024.- El vocero del&hellip;<\/p>\n","protected":false},"author":2,"featured_media":71651,"comment_status":"closed","ping_status":"open","sticky":false,"template":"","format":"standard","meta":{"_lmt_disableupdate":"","_lmt_disable":"","_jetpack_memberships_contains_paid_content":false,"footnotes":""},"categories":[109,47],"tags":[143],"class_list":["post-71650","post","type-post","status-publish","format-standard","has-post-thumbnail","hentry","category-minuto-a-minuto","category-zona-gris","tag-andres-manuel-lopez-obrador"],"jetpack_featured_media_url":"https:\/\/zonaroja.com.mx\/wp-content\/uploads\/2024\/08\/Lopez-Obrador-y-subcomandante-Marcos.jpg.avif","jetpack_sharing_enabled":true,"_links":{"self":[{"href":"https:\/\/zonaroja.com.mx\/index.php?rest_route=\/wp\/v2\/posts\/71650","targetHints":{"allow":["GET"]}}],"collection":[{"href":"https:\/\/zonaroja.com.mx\/index.php?rest_route=\/wp\/v2\/posts"}],"about":[{"href":"https:\/\/zonaroja.com.mx\/index.php?rest_route=\/wp\/v2\/types\/post"}],"author":[{"embeddable":true,"href":"https:\/\/zonaroja.com.mx\/index.php?rest_route=\/wp\/v2\/users\/2"}],"replies":[{"embeddable":true,"href":"https:\/\/zonaroja.com.mx\/index.php?rest_route=%2Fwp%2Fv2%2Fcomments&post=71650"}],"version-history":[{"count":1,"href":"https:\/\/zonaroja.com.mx\/index.php?rest_route=\/wp\/v2\/posts\/71650\/revisions"}],"predecessor-version":[{"id":71652,"href":"https:\/\/zonaroja.com.mx\/index.php?rest_route=\/wp\/v2\/posts\/71650\/revisions\/71652"}],"wp:featuredmedia":[{"embeddable":true,"href":"https:\/\/zonaroja.com.mx\/index.php?rest_route=\/wp\/v2\/media\/71651"}],"wp:attachment":[{"href":"https:\/\/zonaroja.com.mx\/index.php?rest_route=%2Fwp%2Fv2%2Fmedia&parent=71650"}],"wp:term":[{"taxonomy":"category","embeddable":true,"href":"https:\/\/zonaroja.com.mx\/index.php?rest_route=%2Fwp%2Fv2%2Fcategories&post=71650"},{"taxonomy":"post_tag","embeddable":true,"href":"https:\/\/zonaroja.com.mx\/index.php?rest_route=%2Fwp%2Fv2%2Ftags&post=71650"}],"curies":[{"name":"wp","href":"https:\/\/api.w.org\/{rel}","templated":true}]}}