{"id":71658,"date":"2024-08-22T12:07:00","date_gmt":"2024-08-22T18:07:00","guid":{"rendered":"https:\/\/zonaroja.com.mx\/?p=71658"},"modified":"2024-08-22T08:24:06","modified_gmt":"2024-08-22T14:24:06","slug":"registra-julio-78-asesinatos-tres-mas-que-el-mes-anterior-sesnsp","status":"publish","type":"post","link":"https:\/\/zonaroja.com.mx\/?p=71658","title":{"rendered":"Registra julio 78 asesinatos; tres m\u00e1s que el mes anterior: SESNSP"},"content":{"rendered":"\n<p>Ismael Garc\u00eda M.\/Zona Roja.<\/p>\n\n\n\n<p>Oaxaca de Ju\u00e1rez, Oax., a 22 de agosto de 2024.- De enero a julio del presente a\u00f1o en Oaxaca se cometieron 498 homicidios dolosos, 78 de los cuales se registraron durante el mes de julio.<\/p>\n\n\n\n<p>De acuerdo con el informe del Secretariado Ejecutivo del Sistema Nacional de Seguridad P\u00fablica, en el mes de junio fueron 75 cr\u00edmenes, en mayo 78, en abril 75, en marzo 64, en febrero 60 y en enero 68.<\/p>\n\n\n\n<p>En el total de delitos contra la vida y la integridad corporal ocurridos durante el mes de julio, el Secretariado registra tres mil 132, cifra ligeramente superior al mes que le antecede; mayo de este a\u00f1o ha sido el mes m\u00e1s alto con tres mil 571 delitos.<\/p>\n\n\n\n<p>De los 498 homicidios dolosos, 403 se cometieron con arma de fuego, 48 con arma blanca y 46 con otro elemento.<\/p>\n\n\n\n<p>Con respecto a los feminicidios, en el transcurso del a\u00f1o se han registrado ocho, seg\u00fan las cifras oficiales; durante junio y julio no se tiene el registro de ning\u00fan caso.<\/p>\n\n\n\n<p>El m\u00e1s reciente informe del Secretariado Ejecutivo del Sistema Nacional de Seguridad P\u00fablica, dado a conocer el pasado 20 de agosto, detalla tambi\u00e9n que en Oaxaca, de enero a julio se cometieron dos mil 803 lesiones, de las cuales dos mil 151 corresponden al tipo doloso y de estos \u00faltimos, 151 fueron con arma de fuego.<\/p>\n\n\n\n<p>En el rubro de secuestro, seg\u00fan el informe oficial, con base en datos que env\u00eda la Fiscal\u00eda General del Estado, en todo el a\u00f1o se ha registrado solamente un caso, que fue en enero y de tipo extorsivo.<\/p>\n","protected":false},"excerpt":{"rendered":"<p>Ismael Garc\u00eda M.\/Zona Roja. Oaxaca de Ju\u00e1rez, Oax., a 22 de agosto de 2024.- De&hellip;<\/p>\n","protected":false},"author":2,"featured_media":67750,"comment_status":"closed","ping_status":"open","sticky":false,"template":"","format":"standard","meta":{"_lmt_disableupdate":"","_lmt_disable":"","_jetpack_memberships_contains_paid_content":false,"footnotes":""},"categories":[109,47],"tags":[174],"class_list":["post-71658","post","type-post","status-publish","format-standard","has-post-thumbnail","hentry","category-minuto-a-minuto","category-zona-gris","tag-secretariado-ejecutivo-del-sistema-nacional-de-seguridad-publica"],"jetpack_featured_media_url":"https:\/\/zonaroja.com.mx\/wp-content\/uploads\/2024\/04\/Cinta-de-la-escena-del-crimen.jpg","jetpack_sharing_enabled":true,"_links":{"self":[{"href":"https:\/\/zonaroja.com.mx\/index.php?rest_route=\/wp\/v2\/posts\/71658","targetHints":{"allow":["GET"]}}],"collection":[{"href":"https:\/\/zonaroja.com.mx\/index.php?rest_route=\/wp\/v2\/posts"}],"about":[{"href":"https:\/\/zonaroja.com.mx\/index.php?rest_route=\/wp\/v2\/types\/post"}],"author":[{"embeddable":true,"href":"https:\/\/zonaroja.com.mx\/index.php?rest_route=\/wp\/v2\/users\/2"}],"replies":[{"embeddable":true,"href":"https:\/\/zonaroja.com.mx\/index.php?rest_route=%2Fwp%2Fv2%2Fcomments&post=71658"}],"version-history":[{"count":1,"href":"https:\/\/zonaroja.com.mx\/index.php?rest_route=\/wp\/v2\/posts\/71658\/revisions"}],"predecessor-version":[{"id":71659,"href":"https:\/\/zonaroja.com.mx\/index.php?rest_route=\/wp\/v2\/posts\/71658\/revisions\/71659"}],"wp:featuredmedia":[{"embeddable":true,"href":"https:\/\/zonaroja.com.mx\/index.php?rest_route=\/wp\/v2\/media\/67750"}],"wp:attachment":[{"href":"https:\/\/zonaroja.com.mx\/index.php?rest_route=%2Fwp%2Fv2%2Fmedia&parent=71658"}],"wp:term":[{"taxonomy":"category","embeddable":true,"href":"https:\/\/zonaroja.com.mx\/index.php?rest_route=%2Fwp%2Fv2%2Fcategories&post=71658"},{"taxonomy":"post_tag","embeddable":true,"href":"https:\/\/zonaroja.com.mx\/index.php?rest_route=%2Fwp%2Fv2%2Ftags&post=71658"}],"curies":[{"name":"wp","href":"https:\/\/api.w.org\/{rel}","templated":true}]}}