{"id":71668,"date":"2024-08-22T22:15:09","date_gmt":"2024-08-23T04:15:09","guid":{"rendered":"https:\/\/zonaroja.com.mx\/?p=71668"},"modified":"2024-08-22T22:15:12","modified_gmt":"2024-08-23T04:15:12","slug":"reprochan-dirigentes-evangelicos-tardanza-para-atender-conflicto-en-lalana","status":"publish","type":"post","link":"https:\/\/zonaroja.com.mx\/?p=71668","title":{"rendered":"Reprochan dirigentes evang\u00e9licos tardanza para atender conflicto en Lalana"},"content":{"rendered":"\n<p>Raymundo Morales\/Zona Roja.<\/p>\n\n\n\n<p>Oaxaca de Ju\u00e1rez, Oax., a 22 de agosto de 2024.- \u201c\u00bfCu\u00e1l es el delito por el que se nos acusa?, el \u00fanico delito que hemos cometido como cristianos es tener una fe diferente\u201d.<\/p>\n\n\n\n<p>El reproche fue de un grupo de representantes de la iglesia evang\u00e9lica en el estado de Oaxaca, que lament\u00f3 la tardanza de las autoridades estatales para atender la problem\u00e1tica en la comunidad de Cerro Caj\u00f3n, agencia de San Isidro El Arenal, municipio de San Juan Lalana.<\/p>\n\n\n\n<p>En conferencia de prensa al pie del monumento a don Benito Ju\u00e1rez, ubicado en el cerro del \u201cFort\u00edn\u201d de la ciudad de Oaxaca, lamentara que a 10 meses del inicio de los hechos violentos, el gobierno ha minimizado las denuncias.<\/p>\n\n\n\n<p>\u201cLas autoridades, sobre todo la Direcci\u00f3n de Asuntos Religiosos (de la Secretar\u00eda de Gobierno), propuso que todo baj\u00e1ramos de internet las denuncias y que ellos actuar\u00edan; han pasado 10 meses que nuestros hermanos est\u00e1n sufriendo, 10 meses viviendo en la zozobra y se agrav\u00f3 el 6 de agosto cuando quemaron el templo, despojando a hermanos de todo, destruyendo todo.<\/p>\n\n\n\n<p>\u201cSe han cometido delitos que en otro lugar ya se hubiera ejecutado una sentencia, lo lamentable es que no hay cumplimiento en la presente administraci\u00f3n.<\/p>\n\n\n\n<p>\u201cSomos respetuosos de las autoridades pero no podemos dejar de se\u00f1alar que han minimizado el problema dici\u00e9ndonos que no ha pasado nada, que han tratado de hacernos ver como una minor\u00eda cuando el pueblo cristiano es muy numeroso y de manera espec\u00edfica en la zona chinanteca\u201d, expusieron los integrantes de la Confraternidad de Pastores Evang\u00e9licos.<\/p>\n\n\n\n<p>Dieron a conocer que se han brindado todas las pruebas acerca de las agresiones, con la finalidad de que se act\u00fae a la brevedad.<\/p>\n\n\n\n<p>Con respecto al argumento de la Secretar\u00eda de Gobierno de que cancel\u00f3 el martes la reuni\u00f3n por una protesta de evang\u00e9licos en la comunidad de San Lorenzo, Lalana, inform\u00f3 que no fue tal, sino \u00fanicamente una manifestaci\u00f3n pac\u00edfica que no ten\u00eda nada que ver con reclamos, sino la petici\u00f3n de atender a la brevedad la problem\u00e1tica.<\/p>\n\n\n\n<p>Expusieron que al menos 13 personas, de cuatro familias, se encuentran desplazadas en otras comunidades, por el riesgo de sufrir m\u00e1s agresiones.<\/p>\n\n\n\n<figure class=\"wp-block-embed is-type-rich is-provider-twitter wp-block-embed-twitter\"><div class=\"wp-block-embed__wrapper\">\n<div class=\"twitter-tweet\"><blockquote class=\"twitter-tweet\" data-lang=\"es\"><p lang=\"es\" dir=\"ltr\">Esta ma\u00f1ana desde el monumento a don Benito Ju\u00e1rez ubicado en el cerro del \u201cFort\u00edn\u201d de la ciudad de Oaxaca, pastores e integrantes de la iglesia cristiana Interdenominacional demandaron el cese a las agresiones a evang\u00e9licos en Cerro Caj\u00f3n, San Juan Lalana. <a href=\"https:\/\/t.co\/JHmfquerOX\">pic.twitter.com\/JHmfquerOX<\/a><\/p>&mdash; Zona Roja Oaxaca (@ZonaRoja_Oaxaca) <a href=\"https:\/\/twitter.com\/ZonaRoja_Oaxaca\/status\/1826680520773959982?ref_src=twsrc%5Etfw\">22 de agosto de 2024<\/a><\/blockquote><\/div>\n<\/div><\/figure>\n","protected":false},"excerpt":{"rendered":"<p>Raymundo Morales\/Zona Roja. Oaxaca de Ju\u00e1rez, Oax., a 22 de agosto de 2024.- \u201c\u00bfCu\u00e1l es&hellip;<\/p>\n","protected":false},"author":2,"featured_media":71669,"comment_status":"closed","ping_status":"open","sticky":false,"template":"","format":"standard","meta":{"_lmt_disableupdate":"","_lmt_disable":"","_jetpack_memberships_contains_paid_content":false,"footnotes":""},"categories":[109,47],"tags":[1372,1083],"class_list":["post-71668","post","type-post","status-publish","format-standard","has-post-thumbnail","hentry","category-minuto-a-minuto","category-zona-gris","tag-intolerancia-religiosa-oaxaca","tag-san-juan-lalana"],"jetpack_featured_media_url":"https:\/\/zonaroja.com.mx\/wp-content\/uploads\/2024\/08\/Protesta-evangelicos-ciudad-de-Oaxaca.jpg","jetpack_sharing_enabled":true,"_links":{"self":[{"href":"https:\/\/zonaroja.com.mx\/index.php?rest_route=\/wp\/v2\/posts\/71668","targetHints":{"allow":["GET"]}}],"collection":[{"href":"https:\/\/zonaroja.com.mx\/index.php?rest_route=\/wp\/v2\/posts"}],"about":[{"href":"https:\/\/zonaroja.com.mx\/index.php?rest_route=\/wp\/v2\/types\/post"}],"author":[{"embeddable":true,"href":"https:\/\/zonaroja.com.mx\/index.php?rest_route=\/wp\/v2\/users\/2"}],"replies":[{"embeddable":true,"href":"https:\/\/zonaroja.com.mx\/index.php?rest_route=%2Fwp%2Fv2%2Fcomments&post=71668"}],"version-history":[{"count":1,"href":"https:\/\/zonaroja.com.mx\/index.php?rest_route=\/wp\/v2\/posts\/71668\/revisions"}],"predecessor-version":[{"id":71670,"href":"https:\/\/zonaroja.com.mx\/index.php?rest_route=\/wp\/v2\/posts\/71668\/revisions\/71670"}],"wp:featuredmedia":[{"embeddable":true,"href":"https:\/\/zonaroja.com.mx\/index.php?rest_route=\/wp\/v2\/media\/71669"}],"wp:attachment":[{"href":"https:\/\/zonaroja.com.mx\/index.php?rest_route=%2Fwp%2Fv2%2Fmedia&parent=71668"}],"wp:term":[{"taxonomy":"category","embeddable":true,"href":"https:\/\/zonaroja.com.mx\/index.php?rest_route=%2Fwp%2Fv2%2Fcategories&post=71668"},{"taxonomy":"post_tag","embeddable":true,"href":"https:\/\/zonaroja.com.mx\/index.php?rest_route=%2Fwp%2Fv2%2Ftags&post=71668"}],"curies":[{"name":"wp","href":"https:\/\/api.w.org\/{rel}","templated":true}]}}