{"id":71676,"date":"2024-08-23T08:16:00","date_gmt":"2024-08-23T14:16:00","guid":{"rendered":"https:\/\/zonaroja.com.mx\/?p=71676"},"modified":"2024-08-23T07:18:38","modified_gmt":"2024-08-23T13:18:38","slug":"recupera-el-gobierno-de-oaxaca-un-predio-que-tenia-el-inpi","status":"publish","type":"post","link":"https:\/\/zonaroja.com.mx\/?p=71676","title":{"rendered":"Recupera el gobierno de Oaxaca un predio que ten\u00eda el INPI"},"content":{"rendered":"\n<p>Redacci\u00f3n\/Zona Roja.<\/p>\n\n\n\n<p>Oaxaca de Ju\u00e1rez, Oax., a 23 de agosto de 2024.- El Gobierno del Estado de Oaxaca, a trav\u00e9s de la Consejer\u00eda Jur\u00eddica y Asistencia Legal, retom\u00f3 la posesi\u00f3n de un bien inmueble localizado en el paraje \u201cLa Huamuchera\u201d de Santa Cruz Xoxocotl\u00e1n.<\/p>\n\n\n\n<p>El inmueble referido es propiedad del Gobierno del Estado, constituido por dos lotes que suman m\u00e1s de 30 mil metros cuadrados, mismo que en el a\u00f1o 2018 fue dado en comodato al Instituto Nacional de los Pueblos Ind\u00edgenas (INPI), para el funcionamiento de la \u201cCasa del Estudiante Ind\u00edgena\u201d.<\/p>\n\n\n\n<p>Sin embargo, luego de transcurrido en exceso el tiempo establecido en el contrato de comodato para que el proyecto funcionara, se desconocen las causas por las que el INPI no puso en marcha el proyecto, encontr\u00e1ndose abandonado y con muestras de haber sido vandalizado, lo que actualiz\u00f3 causales que permitieron dar por terminado el contrato.<\/p>\n\n\n\n<p>Por indicaciones del gobernador Salom\u00f3n Jara el terreno se dar\u00e1 a la administraci\u00f3n del Sistema para el Desarrollo Integral de la Familia (DIF) Oaxaca para establecer un Centro de Rehabilitaci\u00f3n Bienestar.<\/p>\n\n\n\n<p>Esta acci\u00f3n se suma a la recuperaci\u00f3n de inmuebles propiedad del Gobierno del Estado, que por distintas causas se han encontrado en posesi\u00f3n de terceros, siendo premisa fundamental de la administraci\u00f3n del titular del Poder Ejecutivo Salom\u00f3n Jara que el patrimonio de las y los oaxaque\u00f1os pueda ser correctamente aprovechado.<\/p>\n\n\n\n<p>(Comunicado)<\/p>\n","protected":false},"excerpt":{"rendered":"<p>Redacci\u00f3n\/Zona Roja. Oaxaca de Ju\u00e1rez, Oax., a 23 de agosto de 2024.- El Gobierno del&hellip;<\/p>\n","protected":false},"author":2,"featured_media":71677,"comment_status":"closed","ping_status":"open","sticky":false,"template":"","format":"standard","meta":{"_lmt_disableupdate":"","_lmt_disable":"","_jetpack_memberships_contains_paid_content":false,"footnotes":""},"categories":[109,46],"tags":[3435],"class_list":["post-71676","post","type-post","status-publish","format-standard","has-post-thumbnail","hentry","category-minuto-a-minuto","category-zona-blanca","tag-consejeria-juridica-gobierno-del-estado"],"jetpack_featured_media_url":"https:\/\/zonaroja.com.mx\/wp-content\/uploads\/2024\/08\/Predio-INPI-recuperado-por-Consejeria-gobierno.jpeg","jetpack_sharing_enabled":true,"_links":{"self":[{"href":"https:\/\/zonaroja.com.mx\/index.php?rest_route=\/wp\/v2\/posts\/71676","targetHints":{"allow":["GET"]}}],"collection":[{"href":"https:\/\/zonaroja.com.mx\/index.php?rest_route=\/wp\/v2\/posts"}],"about":[{"href":"https:\/\/zonaroja.com.mx\/index.php?rest_route=\/wp\/v2\/types\/post"}],"author":[{"embeddable":true,"href":"https:\/\/zonaroja.com.mx\/index.php?rest_route=\/wp\/v2\/users\/2"}],"replies":[{"embeddable":true,"href":"https:\/\/zonaroja.com.mx\/index.php?rest_route=%2Fwp%2Fv2%2Fcomments&post=71676"}],"version-history":[{"count":1,"href":"https:\/\/zonaroja.com.mx\/index.php?rest_route=\/wp\/v2\/posts\/71676\/revisions"}],"predecessor-version":[{"id":71678,"href":"https:\/\/zonaroja.com.mx\/index.php?rest_route=\/wp\/v2\/posts\/71676\/revisions\/71678"}],"wp:featuredmedia":[{"embeddable":true,"href":"https:\/\/zonaroja.com.mx\/index.php?rest_route=\/wp\/v2\/media\/71677"}],"wp:attachment":[{"href":"https:\/\/zonaroja.com.mx\/index.php?rest_route=%2Fwp%2Fv2%2Fmedia&parent=71676"}],"wp:term":[{"taxonomy":"category","embeddable":true,"href":"https:\/\/zonaroja.com.mx\/index.php?rest_route=%2Fwp%2Fv2%2Fcategories&post=71676"},{"taxonomy":"post_tag","embeddable":true,"href":"https:\/\/zonaroja.com.mx\/index.php?rest_route=%2Fwp%2Fv2%2Ftags&post=71676"}],"curies":[{"name":"wp","href":"https:\/\/api.w.org\/{rel}","templated":true}]}}