{"id":71679,"date":"2024-08-23T08:54:00","date_gmt":"2024-08-23T14:54:00","guid":{"rendered":"https:\/\/zonaroja.com.mx\/?p=71679"},"modified":"2024-08-23T10:23:38","modified_gmt":"2024-08-23T16:23:38","slug":"en-auditorio-guelaguetza-repleto-ordenan-al-obispo-auxiliar-de-oaxaca","status":"publish","type":"post","link":"https:\/\/zonaroja.com.mx\/?p=71679","title":{"rendered":"En auditorio \u201cGuelaguetza\u201d repleto, ordenan al Obispo Auxiliar de Oaxaca"},"content":{"rendered":"\n<p>Por Willy L. Torres\/Zona Roja. <\/p>\n\n\n\n<p>Oaxaca de Ju\u00e1rez, Oax., a 23 de agosto de 2024.- Cuando el arzobispo Pedro V\u00e1zquez Villalobos pregunt\u00f3 p\u00fablicamente a Luis Alfonso Tut Tun, si quer\u00eda \u201cser siempre bondadoso y comprensivo con los pobres, con los inmigrantes y con todos los necesitados\u201d, el cl\u00e9rigo maya no dud\u00f3 en responder: \u00a1S\u00ed, quiero!<\/p>\n\n\n\n<p>As\u00ed, a las 12 horas con 47 minutos de este jueves, todo estaba consumado. Luis Alfonso Tut Tun ya era obispo auxiliar de la Arquidi\u00f3cesis de Antequera-Oaxaca, luego de su ordenaci\u00f3n episcopal que encabez\u00f3 el arzobispo Pedro V\u00e1zquez Villalobos, en una imponente ceremonia eclesi\u00e1stica realizada en el auditorio \u201cGuelaguetza\u201d, en la ciudad de Oaxaca.<\/p>\n\n\n\n<p>Entonces son\u00f3 la chirim\u00eda y el teponaxtle, que acompa\u00f1aron con la banda de m\u00fasica de viento la t\u00edpica misa oaxaque\u00f1a, y el nuevo obispo se uni\u00f3 en efusivos abrazos con sus hermanos obispos y arzobispos, varios de ellos llegados de Europa, como Italia y Croacia.<\/p>\n\n\n\n<p>Presente el representante del Papa Francisco en M\u00e9xico, Monse\u00f1or Joseph Spiteri.<\/p>\n\n\n\n<p>Luis Alfonso estaba sonriente. De una modesta parroquia de Santa In\u00e9s, en el municipio de Akit, Yucat\u00e1n, daba un salto gigantesco a una entidad como Oaxaca, con una poblaci\u00f3n mayoritariamente cat\u00f3lica, pero donde tambi\u00e9n avanzan las sectas protestantes debido a &nbsp;una deficiente evangelizaci\u00f3n por falta de cl\u00e9rigos.<\/p>\n\n\n\n<p>IGLESIA INCLUYENTE<\/p>\n\n\n\n<p>\u201cIncre\u00edble; que linda misa\u201d, dice Mar\u00eda Canch\u00e9 quien ataviada con un huipil maya, ha viajado desde Akil, Yucat\u00e1n, para acompa\u00f1ar a su paisano, Luis Alfonso, quien este d\u00eda ha sido ungido como ap\u00f3stol de la Iglesia cat\u00f3lica.<\/p>\n\n\n\n<p>\u201cDesde ni\u00f1o fue aplicado; ya mostraba su santidad\u201d, agrega.<\/p>\n\n\n\n<p>En el altar ha sido colocado un Jes\u00fas clavado en la &nbsp;cruz, en su doloroso rictus de muerte. Hay m\u00faltiples flores blancas y dos imponentes cirios. Sobre el ambiente se tiende de un velo de incienso, mientras su olor caracter\u00edstico inunda el ambiente a santidad.<\/p>\n\n\n\n<p>Cada detalle ha sido cuidado por los organizadores en donde sobresalen los signos de la inclusi\u00f3n, As\u00ed, una pareja de j\u00f3venes realiza una transmisi\u00f3n simult\u00e1nea del lenguaje de se\u00f1as; una ni\u00f1a invidente lee el Evangelio, en su primera lectura en Braile, mientras que una ind\u00edgena Chatina lo hace en una segunda lectura, en su idioma materno. La misa fue acompa\u00f1ada por una banda de m\u00fasica de viento. La chirim\u00eda y el teponaxtle hicieron vibrar a los presentes, mientas que en el contorno del auditorio \u201cGuelaguetza\u201d, decenas de hombres sosten\u00edan entre sus manos los estandartes de las diversas cofrad\u00edas. La Iglesia cat\u00f3lica demostraba as\u00ed su poder\u00edo, pues miles de personas de las 8 regiones de la entidad hac\u00edan presencia.<\/p>\n\n\n\n<p>\u00a1VIVA CRISTO REY!<\/p>\n\n\n\n<p>Hubo un momento en que se hizo el silencio. Entonces, en el fondo del auditorio Guelaguetza se escuch\u00f3 un imponente grito que retumb\u00f3 tres veces: \u00a1Viva Cristo Rey!&nbsp;<\/p>\n\n\n\n<p>Luego habl\u00f3 el actual arzobispo de Jalapa, Veracruz, Jorge Carlos Patr\u00f3n Wong, quien record\u00f3 los primeros pasos de Luis Alfonso Tut Tun por el seminario de Yucat\u00e1n. Le pidi\u00f3 aprender del arzobispo Pedro V\u00e1zquez, &nbsp;as\u00ed como de los oaxaque\u00f1os a quienes defini\u00f3 como \u201cgrandes en la fe y gigantes en el amor\u201d, al tiempo que le pidi\u00f3 \u201cser un pastor en favor de la unidad\u201d.<\/p>\n\n\n\n<p>LIBRE DE INDIVIDUALISMOS<\/p>\n\n\n\n<p>El nuevo obispo auxiliar, dijo a su vez que realizar\u00e1 una gesti\u00f3n libre de individualismos y autoreferencialidades para bien de la iglesia mexicana, al tiempo que extern\u00f3 su respeto al gobernador del estado y a las autoridades civiles que ayudaron &nbsp;a esta celebraci\u00f3n para ser ordenado obispo auxiliar \u201cen donde Dios nunca muere\u201d.<\/p>\n\n\n\n<p>Se le quebr\u00f3 la voz al recordar a su madre, do\u00f1a Conchita, fallecida hace unos a\u00f1os. \u201cGracias mam\u00e1 por una atitrus abierta &nbsp;y un coraz\u00f3n acogedor\u201d.<\/p>\n\n\n\n<p>Finalmente, pidi\u00f3 &nbsp;a los oaxaque\u00f1os le abran la puerta como enviado del Se\u00f1or. \u201cLa Providencia Divina nos ha llamado a compartir el camino y la vida de la fe; &nbsp;habiendo llegado a Oaxaca desde la tierra del mayab les quiero decir que me abran las puertas como un hermano no solo como una autoridad eclesi\u00e1stica; caminemos juntos, cuid\u00e1ndonos unos a otros demostrando con la &nbsp;vida antes que con las palabras que somos una comunidad que los disc\u00edpulos y misioneros de Cristo\u201d, sostuvo.<\/p>\n\n\n\n<p>A las 14 horas cn 28 minutos la ceremonia eclesi\u00e1stica hab\u00eda concluido. M\u00e1s de tres horas en donde los cat\u00f3licos volvieron a hermanarse, mientras sonriente Luis Alfonso celebraba su ordenaci\u00f3n episcopal, abrazando a sus paisanas y paisanos que siempre han estado con \u00e9l, en las buenas y en las malas. Despu\u00e9s se concret\u00f3 a admirar la Guelaguetza.<\/p>\n","protected":false},"excerpt":{"rendered":"<p>Por Willy L. Torres\/Zona Roja. Oaxaca de Ju\u00e1rez, Oax., a 23 de agosto de 2024.-&hellip;<\/p>\n","protected":false},"author":2,"featured_media":71680,"comment_status":"closed","ping_status":"open","sticky":false,"template":"","format":"standard","meta":{"_lmt_disableupdate":"","_lmt_disable":"","_jetpack_memberships_contains_paid_content":false,"footnotes":""},"categories":[109,46],"tags":[992,4042],"class_list":["post-71679","post","type-post","status-publish","format-standard","has-post-thumbnail","hentry","category-minuto-a-minuto","category-zona-blanca","tag-arzobispo-de-antequera-oaxaca","tag-luis-alfonso-tut-tun"],"jetpack_featured_media_url":"https:\/\/zonaroja.com.mx\/wp-content\/uploads\/2024\/08\/Consagracion-obispo-auxiliar-Oaxaca.jpg","jetpack_sharing_enabled":true,"_links":{"self":[{"href":"https:\/\/zonaroja.com.mx\/index.php?rest_route=\/wp\/v2\/posts\/71679","targetHints":{"allow":["GET"]}}],"collection":[{"href":"https:\/\/zonaroja.com.mx\/index.php?rest_route=\/wp\/v2\/posts"}],"about":[{"href":"https:\/\/zonaroja.com.mx\/index.php?rest_route=\/wp\/v2\/types\/post"}],"author":[{"embeddable":true,"href":"https:\/\/zonaroja.com.mx\/index.php?rest_route=\/wp\/v2\/users\/2"}],"replies":[{"embeddable":true,"href":"https:\/\/zonaroja.com.mx\/index.php?rest_route=%2Fwp%2Fv2%2Fcomments&post=71679"}],"version-history":[{"count":4,"href":"https:\/\/zonaroja.com.mx\/index.php?rest_route=\/wp\/v2\/posts\/71679\/revisions"}],"predecessor-version":[{"id":71700,"href":"https:\/\/zonaroja.com.mx\/index.php?rest_route=\/wp\/v2\/posts\/71679\/revisions\/71700"}],"wp:featuredmedia":[{"embeddable":true,"href":"https:\/\/zonaroja.com.mx\/index.php?rest_route=\/wp\/v2\/media\/71680"}],"wp:attachment":[{"href":"https:\/\/zonaroja.com.mx\/index.php?rest_route=%2Fwp%2Fv2%2Fmedia&parent=71679"}],"wp:term":[{"taxonomy":"category","embeddable":true,"href":"https:\/\/zonaroja.com.mx\/index.php?rest_route=%2Fwp%2Fv2%2Fcategories&post=71679"},{"taxonomy":"post_tag","embeddable":true,"href":"https:\/\/zonaroja.com.mx\/index.php?rest_route=%2Fwp%2Fv2%2Ftags&post=71679"}],"curies":[{"name":"wp","href":"https:\/\/api.w.org\/{rel}","templated":true}]}}