{"id":71689,"date":"2024-08-23T10:30:00","date_gmt":"2024-08-23T16:30:00","guid":{"rendered":"https:\/\/zonaroja.com.mx\/?p=71689"},"modified":"2024-08-23T08:26:07","modified_gmt":"2024-08-23T14:26:07","slug":"matan-a-individuo-en-pinotepa-identifican-a-dos-asesinados-en-jamiltepec","status":"publish","type":"post","link":"https:\/\/zonaroja.com.mx\/?p=71689","title":{"rendered":"Matan a individuo en Pinotepa; identifican a dos asesinados en Jamiltepec"},"content":{"rendered":"\n<p>Raymundo Morales\/Zona Roja.<\/p>\n\n\n\n<p>Oaxaca de Ju\u00e1rez, Oax., a 23 de agosto de 2024.- Una persona del sexo masculino fue asesinada a balazos la ma\u00f1ana de este viernes en la localidad de El Carrizo, perteneciente al municipio de Santiago Pinotepa Nacional.<\/p>\n\n\n\n<p>La v\u00edctima fue ultimada en su domicilio y a\u00fan no ha sido identificada; de acuerdo con datos preliminares, padec\u00eda de una discapacidad f\u00edsica.<\/p>\n\n\n\n<p>Personal de la Vicefiscal\u00eda Regional de la Costa se encuentra en la zona para iniciar las indagatorias.<\/p>\n\n\n\n<p>Por otra parte, ya fueron identificadas las dos personas originarias de Santiago Tetepec, que fueron asesinadas el mi\u00e9rcoles por la tarde-noche en el municipio de Santiago Jamiltepec.<\/p>\n\n\n\n<p>Se trata de Norberto L. G., de 33 a\u00f1os de edad, y su padre Jaime L. D., de 56 a\u00f1os, quienes fueron ultimados en el interior de su camioneta localizada en un tramo de la carretera local de Santa Elena Comaltepec a Santiago Jamiltepec.<\/p>\n\n\n\n<p>La polic\u00eda localiz\u00f3 en el sitio m\u00faltiples casquillos percutidos calibre .38 s\u00faper, .380 y 9 mil\u00edmetros; hasta el momento no hay pistas de los delincuentes que los asesinaron.<\/p>\n\n\n\n<p>La unidad de motor donde se hallaron las v\u00edctimas, una camioneta marca Chevrolet, tipo Equinox, fue asegurada por las autoridades ministeriales, como parte de las investigaciones.<\/p>\n","protected":false},"excerpt":{"rendered":"<p>Raymundo Morales\/Zona Roja. Oaxaca de Ju\u00e1rez, Oax., a 23 de agosto de 2024.- Una persona&hellip;<\/p>\n","protected":false},"author":2,"featured_media":71690,"comment_status":"closed","ping_status":"open","sticky":false,"template":"","format":"standard","meta":{"_lmt_disableupdate":"","_lmt_disable":"","_jetpack_memberships_contains_paid_content":false,"footnotes":""},"categories":[109,51],"tags":[916],"class_list":["post-71689","post","type-post","status-publish","format-standard","has-post-thumbnail","hentry","category-minuto-a-minuto","category-zona-roja","tag-pinotepa-nacional"],"jetpack_featured_media_url":"https:\/\/zonaroja.com.mx\/wp-content\/uploads\/2024\/08\/Captura-de-pantalla-2024-08-23-a-las-8.23.50\u202fa.m.jpg","jetpack_sharing_enabled":true,"_links":{"self":[{"href":"https:\/\/zonaroja.com.mx\/index.php?rest_route=\/wp\/v2\/posts\/71689","targetHints":{"allow":["GET"]}}],"collection":[{"href":"https:\/\/zonaroja.com.mx\/index.php?rest_route=\/wp\/v2\/posts"}],"about":[{"href":"https:\/\/zonaroja.com.mx\/index.php?rest_route=\/wp\/v2\/types\/post"}],"author":[{"embeddable":true,"href":"https:\/\/zonaroja.com.mx\/index.php?rest_route=\/wp\/v2\/users\/2"}],"replies":[{"embeddable":true,"href":"https:\/\/zonaroja.com.mx\/index.php?rest_route=%2Fwp%2Fv2%2Fcomments&post=71689"}],"version-history":[{"count":1,"href":"https:\/\/zonaroja.com.mx\/index.php?rest_route=\/wp\/v2\/posts\/71689\/revisions"}],"predecessor-version":[{"id":71691,"href":"https:\/\/zonaroja.com.mx\/index.php?rest_route=\/wp\/v2\/posts\/71689\/revisions\/71691"}],"wp:featuredmedia":[{"embeddable":true,"href":"https:\/\/zonaroja.com.mx\/index.php?rest_route=\/wp\/v2\/media\/71690"}],"wp:attachment":[{"href":"https:\/\/zonaroja.com.mx\/index.php?rest_route=%2Fwp%2Fv2%2Fmedia&parent=71689"}],"wp:term":[{"taxonomy":"category","embeddable":true,"href":"https:\/\/zonaroja.com.mx\/index.php?rest_route=%2Fwp%2Fv2%2Fcategories&post=71689"},{"taxonomy":"post_tag","embeddable":true,"href":"https:\/\/zonaroja.com.mx\/index.php?rest_route=%2Fwp%2Fv2%2Ftags&post=71689"}],"curies":[{"name":"wp","href":"https:\/\/api.w.org\/{rel}","templated":true}]}}