{"id":71704,"date":"2024-08-23T20:03:22","date_gmt":"2024-08-24T02:03:22","guid":{"rendered":"https:\/\/zonaroja.com.mx\/?p=71704"},"modified":"2024-08-23T20:03:25","modified_gmt":"2024-08-24T02:03:25","slug":"respalda-oaxaca-reformas-al-poder-judicial-de-la-federacion","status":"publish","type":"post","link":"https:\/\/zonaroja.com.mx\/?p=71704","title":{"rendered":"Respalda Oaxaca reformas al Poder Judicial de la Federaci\u00f3n"},"content":{"rendered":"\n<p>Raymundo Morales\/Zona Roja.<\/p>\n\n\n\n<p>Oaxaca de Ju\u00e1rez, Oax., a 23 de agosto de 2024.- Tras las recientes declaraciones del embajador de los Estados Unidos en M\u00e9xico, Ken Salazar, el gobierno de Oaxaca reiter\u00f3 su respaldo a las reformas que se promueven para el Poder Judicial de la Federaci\u00f3n.<\/p>\n\n\n\n<p>En un comunicado, expuso que con la transparencia y la certeza jur\u00eddica que generar\u00e1n dichos cambios, \u201cno hay duda de que M\u00e9xico ser\u00e1 un mejor socio, un mejor aliado y tambi\u00e9n un pa\u00eds m\u00e1s democr\u00e1tico y m\u00e1s atractivo para las inversiones\u201d.<\/p>\n\n\n\n<p>\u201cNuestro gran amigo Ken Salazar ha hecho p\u00fablicas algunas preocupaciones sobre la reforma al Poder Judicial que impulsa el Presidente Andr\u00e9s Manuel L\u00f3pez Obrador; respetamos y valoramos mucho el punto de vista de nuestros vecinos y aliados; sin embargo, en esta ocasi\u00f3n no podemos coincidir y descartamos absolutamente la existencia de alg\u00fan riesgo que comprometa a nuestro sistema democr\u00e1tico\u201d, dijo el mandatario Salom\u00f3n Jara Cruz.<\/p>\n\n\n\n<p>Se\u00f1al\u00f3 que M\u00e9xico y Estados Unidos han sostenido hist\u00f3ricamente una visi\u00f3n distinta sobre la democracia, pues para el pa\u00eds, la fuente originaria del poder p\u00fablico es el voto popular y la democracia radica directamente en la voluntad del pueblo.<\/p>\n\n\n\n<p>\u201cEn los Estados Unidos, la elecci\u00f3n de jueces, fiscales y jefes de polic\u00eda a trav\u00e9s del voto directo de las y los ciudadanos es una tradici\u00f3n en 43 estados\u201d.<\/p>\n\n\n\n<p>En el comunicado de prensa, Jara Cruz explic\u00f3 que este procedimiento es parte del sistema electoral de los Estados Unidos desde la presidencia de Andrew Jackson, cuando inici\u00f3 un movimiento democratizador que condujo a la elecci\u00f3n de estos funcionarios por el voto popular.<\/p>\n\n\n\n<p>Por ello, continu\u00f3, \u201cestamos seguros de que no hay ning\u00fan motivo para desconfiar, al contrario, la reforma representa una gran oportunidad para estrechar la cooperaci\u00f3n y fortalecer una relaci\u00f3n respetuosa y estrat\u00e9gica entre los dos pa\u00edses.<\/p>\n\n\n\n<p>\u201cLos prop\u00f3sitos de la iniciativa del Presidente Andr\u00e9s Manuel L\u00f3pez Obrador son muy claros: eliminar los privilegios, erradicar la corrupci\u00f3n, fortalecer el estado de derecho, promover la certeza jur\u00eddica y garantizar el acceso a una justicia pronta y expedita\u201d.<\/p>\n\n\n\n<p>Acus\u00f3 que la corrupci\u00f3n generalizada y la ineficacia del Poder Judicial en M\u00e9xico han hecho tortuosa la exigencia de justicia no solamente para las y los mexicanos, sino que tambi\u00e9n han entorpecido la lucha contra la delincuencia transnacional y, en no pocas ocasiones, han obstaculizado las peticiones de extradici\u00f3n que el gobierno de Estados Unidos ha hecho para llevar ante sus tribunales a reconocidos narcotraficantes.&nbsp;<\/p>\n\n\n\n<p>Jara Cruz exhort\u00f3 al gobierno de los Estados Unidos y a la comunidad internacional a tener la confianza de que la reforma contiene los candados necesarios para filtrar a los postulantes a los cargos de jueces, magistrados y ministros.&nbsp;<\/p>\n\n\n\n<p>A\u00f1adi\u00f3 que se contar\u00e1 con un \u00f3rgano que supervisar\u00e1 y sancionar\u00e1 su desempe\u00f1o, \u201cy por si esto fuera poco, quienes hoy ocupan estos puestos con honradez y dignidad, podr\u00e1n postularse con la gran ventaja de su experiencia y preparaci\u00f3n\u201d.<\/p>\n\n\n\n<p>\u201cLegisladoras y legisladores federales y 24 gobernadoras y gobernadores, en funciones y electos, que representamos la esencia del pacto federal, respetamos el mandato popular expresado el pasado 2 de junio, respaldamos la reforma del Poder Judicial y nos comprometemos a concretar todas aquellas acciones y cambios que sean necesarios para consolidar el segundo piso de la transformaci\u00f3n y la regeneraci\u00f3n de la vida p\u00fablica de M\u00e9xico\u201d, finaliz\u00f3 el gobernador Salom\u00f3n Jara Cruz.<\/p>\n","protected":false},"excerpt":{"rendered":"<p>Raymundo Morales\/Zona Roja. Oaxaca de Ju\u00e1rez, Oax., a 23 de agosto de 2024.- Tras las&hellip;<\/p>\n","protected":false},"author":2,"featured_media":64074,"comment_status":"closed","ping_status":"open","sticky":false,"template":"","format":"standard","meta":{"_lmt_disableupdate":"","_lmt_disable":"","_jetpack_memberships_contains_paid_content":false,"footnotes":""},"categories":[109,46],"tags":[4043,939],"class_list":["post-71704","post","type-post","status-publish","format-standard","has-post-thumbnail","hentry","category-minuto-a-minuto","category-zona-blanca","tag-reformas-al-poder-judicial","tag-salomon-jara-cruz"],"jetpack_featured_media_url":"https:\/\/zonaroja.com.mx\/wp-content\/uploads\/2024\/01\/Salomon-Jara.jpeg","jetpack_sharing_enabled":true,"_links":{"self":[{"href":"https:\/\/zonaroja.com.mx\/index.php?rest_route=\/wp\/v2\/posts\/71704","targetHints":{"allow":["GET"]}}],"collection":[{"href":"https:\/\/zonaroja.com.mx\/index.php?rest_route=\/wp\/v2\/posts"}],"about":[{"href":"https:\/\/zonaroja.com.mx\/index.php?rest_route=\/wp\/v2\/types\/post"}],"author":[{"embeddable":true,"href":"https:\/\/zonaroja.com.mx\/index.php?rest_route=\/wp\/v2\/users\/2"}],"replies":[{"embeddable":true,"href":"https:\/\/zonaroja.com.mx\/index.php?rest_route=%2Fwp%2Fv2%2Fcomments&post=71704"}],"version-history":[{"count":1,"href":"https:\/\/zonaroja.com.mx\/index.php?rest_route=\/wp\/v2\/posts\/71704\/revisions"}],"predecessor-version":[{"id":71705,"href":"https:\/\/zonaroja.com.mx\/index.php?rest_route=\/wp\/v2\/posts\/71704\/revisions\/71705"}],"wp:featuredmedia":[{"embeddable":true,"href":"https:\/\/zonaroja.com.mx\/index.php?rest_route=\/wp\/v2\/media\/64074"}],"wp:attachment":[{"href":"https:\/\/zonaroja.com.mx\/index.php?rest_route=%2Fwp%2Fv2%2Fmedia&parent=71704"}],"wp:term":[{"taxonomy":"category","embeddable":true,"href":"https:\/\/zonaroja.com.mx\/index.php?rest_route=%2Fwp%2Fv2%2Fcategories&post=71704"},{"taxonomy":"post_tag","embeddable":true,"href":"https:\/\/zonaroja.com.mx\/index.php?rest_route=%2Fwp%2Fv2%2Ftags&post=71704"}],"curies":[{"name":"wp","href":"https:\/\/api.w.org\/{rel}","templated":true}]}}